{"id":3558,"date":"2023-03-20T14:19:54","date_gmt":"2023-03-20T14:19:54","guid":{"rendered":"https:\/\/ceconeu.com.uy\/?p=3558"},"modified":"2023-04-11T14:32:02","modified_gmt":"2023-04-11T14:32:02","slug":"3558","status":"publish","type":"post","link":"https:\/\/ceconeu.com.uy\/index.php\/2023\/03\/20\/3558\/","title":{"rendered":"Firma de convenio: INAU &#8211; UNICEF &#8211; CECONEU"},"content":{"rendered":"<p>[et_pb_section fb_built=\u00bb1&#8243; _builder_version=\u00bb4.16&#8243; _module_preset=\u00bbdefault\u00bb custom_padding=\u00bb3px|||||\u00bb global_colors_info=\u00bb{}\u00bb theme_builder_area=\u00bbpost_content\u00bb][et_pb_row _builder_version=\u00bb4.16&#8243; _module_preset=\u00bbdefault\u00bb custom_padding=\u00bb2px||0px|||\u00bb global_colors_info=\u00bb{}\u00bb theme_builder_area=\u00bbpost_content\u00bb][et_pb_column type=\u00bb4_4&#8243; _builder_version=\u00bb4.16&#8243; _module_preset=\u00bbdefault\u00bb global_colors_info=\u00bb{}\u00bb theme_builder_area=\u00bbpost_content\u00bb][et_pb_image src=\u00bbhttp:\/\/ceconeu.com.uy\/wp-content\/uploads\/2023\/04\/Convenio-INAU-CECONEU-UNICEF.jpg\u00bb title_text=\u00bbConvenio INAU CECONEU UNICEF\u00bb _builder_version=\u00bb4.20.4&#8243; _module_preset=\u00bbdefault\u00bb hover_enabled=\u00bb0&#8243; global_colors_info=\u00bb{}\u00bb theme_builder_area=\u00bbpost_content\u00bb sticky_enabled=\u00bb0&#8243;][\/et_pb_image][\/et_pb_column][\/et_pb_row][et_pb_row _builder_version=\u00bb4.20.4&#8243; _module_preset=\u00bbdefault\u00bb global_colors_info=\u00bb{}\u00bb theme_builder_area=\u00bbpost_content\u00bb][et_pb_column type=\u00bb4_4&#8243; _builder_version=\u00bb4.20.4&#8243; _module_preset=\u00bbdefault\u00bb global_colors_info=\u00bb{}\u00bb theme_builder_area=\u00bbpost_content\u00bb][et_pb_text _builder_version=\u00bb4.20.4&#8243; _module_preset=\u00bbdefault\u00bb text_font=\u00bbMerriweather||||||||\u00bb text_text_color=\u00bb#000000&#8243; text_font_size=\u00bb17px\u00bb text_line_height=\u00bb1.8em\u00bb custom_padding=\u00bb20px|10%||10%|false|true\u00bb hover_enabled=\u00bb0&#8243; global_colors_info=\u00bb{}\u00bb theme_builder_area=\u00bbpost_content\u00bb sticky_enabled=\u00bb0&#8243;]<\/p>\n<p><span style=\"font-size: x-large;\"><strong>Firma de convenio con INAU<\/strong><\/span><\/p>\n<p>El pasado mi\u00e9rcoles 15 de marzo se firm\u00f3 el convenio INAU (<span>\u00a0<\/span><em>Instituto del Ni\u00f1o y Adolescente del Uruguay), <\/em>UNICEF <em>(<\/em><span><em>Fondo de las Naciones Unidas para la Infancia)<\/em>, <\/span>CECONEU <em>(Centro de Comerciantes en Neum\u00e1ticos del Uruguay)<\/em>, para formar adolescentes y j\u00f3venes en el oficio de Gomer\u00eda, con la presencia de autoridades firmantes y tambi\u00e9n de instituciones con las que ya trabajamos como INISA y MIDES.<\/p>\n<p>Este convenio habilita a que 15 j\u00f3venes vinculados al INAU y en situaci\u00f3n de egreso del mismo, se capaciten en el oficio de Gomer\u00eda a trav\u00e9s de nuestro Centro de Formaci\u00f3n Profesional. Que adem\u00e1s contar\u00e1 con una comisi\u00f3n de seguimiento para monitorear el curso, integrada por representantes de INAU, UNICEF, CECONEU.<\/p>\n<p>El programa educativo dura 3 meses, combina aprendizajes pr\u00e1cticos y te\u00f3ricos que abarcan conocimientos t\u00e9cnicos en el oficio, pero tambi\u00e9n conocimientos transversales que apuntan a generar procesos integrales de formaci\u00f3n.<\/p>\n<p>Luego de este proceso 15 adolescentes y j\u00f3venes contar\u00e1n con un oficio y con experiencias en torno al mundo del trabajo, favoreciendo sus posibilidades futuras de inserci\u00f3n laboral, continuidad educativa y profesional, junto con sus aptitudes de autonom\u00eda.<\/p>\n<p>[\/et_pb_text][\/et_pb_column][\/et_pb_row][\/et_pb_section]<\/p>\n","protected":false},"excerpt":{"rendered":"<p>Firma de convenio con INAU El pasado mi\u00e9rcoles 15 de marzo se firm\u00f3 el convenio INAU (\u00a0Instituto del Ni\u00f1o y Adolescente del Uruguay), UNICEF (Fondo de las Naciones Unidas para la Infancia), CECONEU (Centro de Comerciantes en Neum\u00e1ticos del Uruguay), para formar adolescentes y j\u00f3venes en el oficio de Gomer\u00eda, con la presencia de autoridades [&hellip;]<\/p>\n","protected":false},"author":1,"featured_media":3479,"comment_status":"closed","ping_status":"closed","sticky":false,"template":"","format":"standard","meta":{"_et_pb_use_builder":"on","_et_pb_old_content":"","_et_gb_content_width":"","_monsterinsights_skip_tracking":false,"_monsterinsights_sitenote_active":false,"_monsterinsights_sitenote_note":"","_monsterinsights_sitenote_category":0,"footnotes":""},"categories":[4,5,6],"tags":[11,7,82,65,55,8,76,57,51,67,54],"class_list":["post-3558","post","type-post","status-publish","format-standard","has-post-thumbnail","hentry","category-curso","category-formacion","category-noticias","tag-ceconeu","tag-curso","tag-educacion","tag-formacion","tag-gomeria","tag-gomero","tag-gremial","tag-jovenes","tag-neumaticos-2","tag-trabajo","tag-uruguay"],"_links":{"self":[{"href":"https:\/\/ceconeu.com.uy\/index.php\/wp-json\/wp\/v2\/posts\/3558"}],"collection":[{"href":"https:\/\/ceconeu.com.uy\/index.php\/wp-json\/wp\/v2\/posts"}],"about":[{"href":"https:\/\/ceconeu.com.uy\/index.php\/wp-json\/wp\/v2\/types\/post"}],"author":[{"embeddable":true,"href":"https:\/\/ceconeu.com.uy\/index.php\/wp-json\/wp\/v2\/users\/1"}],"replies":[{"embeddable":true,"href":"https:\/\/ceconeu.com.uy\/index.php\/wp-json\/wp\/v2\/comments?post=3558"}],"version-history":[{"count":3,"href":"https:\/\/ceconeu.com.uy\/index.php\/wp-json\/wp\/v2\/posts\/3558\/revisions"}],"predecessor-version":[{"id":3562,"href":"https:\/\/ceconeu.com.uy\/index.php\/wp-json\/wp\/v2\/posts\/3558\/revisions\/3562"}],"wp:featuredmedia":[{"embeddable":true,"href":"https:\/\/ceconeu.com.uy\/index.php\/wp-json\/wp\/v2\/media\/3479"}],"wp:attachment":[{"href":"https:\/\/ceconeu.com.uy\/index.php\/wp-json\/wp\/v2\/media?parent=3558"}],"wp:term":[{"taxonomy":"category","embeddable":true,"href":"https:\/\/ceconeu.com.uy\/index.php\/wp-json\/wp\/v2\/categories?post=3558"},{"taxonomy":"post_tag","embeddable":true,"href":"https:\/\/ceconeu.com.uy\/index.php\/wp-json\/wp\/v2\/tags?post=3558"}],"curies":[{"name":"wp","href":"https:\/\/api.w.org\/{rel}","templated":true}]}}