{"id":3308,"date":"2022-06-28T17:52:17","date_gmt":"2022-06-28T17:52:17","guid":{"rendered":"https:\/\/ceconeu.com.uy\/?p=3308"},"modified":"2022-07-13T19:16:44","modified_gmt":"2022-07-13T19:16:44","slug":"3308","status":"publish","type":"post","link":"https:\/\/ceconeu.com.uy\/index.php\/2022\/06\/28\/3308\/","title":{"rendered":"Dia de la Afasia: Saludamos a nuestra compa\u00f1era!"},"content":{"rendered":"<p>[et_pb_section fb_built=\u00bb1&#8243; _builder_version=\u00bb4.16&#8243; _module_preset=\u00bbdefault\u00bb custom_padding=\u00bb3px|||||\u00bb global_colors_info=\u00bb{}\u00bb theme_builder_area=\u00bbpost_content\u00bb][et_pb_row _builder_version=\u00bb4.16&#8243; _module_preset=\u00bbdefault\u00bb custom_padding=\u00bb2px||0px|||\u00bb global_colors_info=\u00bb{}\u00bb theme_builder_area=\u00bbpost_content\u00bb][et_pb_column type=\u00bb4_4&#8243; _builder_version=\u00bb4.16&#8243; _module_preset=\u00bbdefault\u00bb global_colors_info=\u00bb{}\u00bb theme_builder_area=\u00bbpost_content\u00bb][et_pb_image src=\u00bbhttp:\/\/ceconeu.com.uy\/wp-content\/uploads\/2022\/07\/Dia-de-la-AFASIA.png\u00bb title_text=\u00bbDia de la AFASIA\u00bb align=\u00bbcenter\u00bb _builder_version=\u00bb4.17.4&#8243; _module_preset=\u00bbdefault\u00bb custom_margin=\u00bb||15px|||\u00bb custom_padding=\u00bb||1px|||\u00bb hover_enabled=\u00bb0&#8243; global_colors_info=\u00bb{}\u00bb theme_builder_area=\u00bbpost_content\u00bb sticky_enabled=\u00bb0&#8243;][\/et_pb_image][\/et_pb_column][\/et_pb_row][et_pb_row column_structure=\u00bb1_5,3_5,1_5&#8243; _builder_version=\u00bb4.16&#8243; _module_preset=\u00bbdefault\u00bb custom_padding=\u00bb5px|||||\u00bb global_colors_info=\u00bb{}\u00bb theme_builder_area=\u00bbpost_content\u00bb][et_pb_column type=\u00bb1_5&#8243; _builder_version=\u00bb4.16&#8243; _module_preset=\u00bbdefault\u00bb global_colors_info=\u00bb{}\u00bb theme_builder_area=\u00bbpost_content\u00bb][\/et_pb_column][et_pb_column type=\u00bb3_5&#8243; _builder_version=\u00bb4.16&#8243; _module_preset=\u00bbdefault\u00bb global_colors_info=\u00bb{}\u00bb theme_builder_area=\u00bbpost_content\u00bb][et_pb_text _builder_version=\u00bb4.17.4&#8243; _module_preset=\u00bbdefault\u00bb header_2_font=\u00bb|600|||||||\u00bb header_2_font_size=\u00bb28px\u00bb header_2_line_height=\u00bb1.3em\u00bb hover_enabled=\u00bb0&#8243; global_colors_info=\u00bb{}\u00bb theme_builder_area=\u00bbpost_content\u00bb sticky_enabled=\u00bb0&#8243; text_font_size=\u00bb16px\u00bb text_line_height=\u00bb1.71em\u00bb]<\/p>\n<h2><span style=\"color: #000000;\">D\u00eda Internacional de la Afasia<\/span><\/h2>\n<p><strong style=\"color: #000000; font-size: 16px;\">Hoy 28 de junio es el D\u00eda Internacional de la Afasia y desde la gremial CECONEU lo visibilizamos para aportar a la difusi\u00f3n de este trastorno que afecta al lenguaje y para enviarle un abrazo c\u00e1lido a nuestra querida compa\u00f1era Daniela Rey.<\/strong><\/p>\n<p><span style=\"color: #000000;\">Daniela pertenece al rubro hace a\u00f1os y al mismo le ha dedicado gran parte de su vida. Forma parte y ha liderado una empresa familiar con m\u00e1s de 40 a\u00f1os en actividad, una empresa socia-fundadora de nuestra gremial CECONEU, que fue creciendo y diversific\u00e1ndose, y que adem\u00e1s cuenta con un equipo de trabajadoras y trabajadores muy unido y fraternal. Daniela es una militante social y una mujer solidaria, y desde esa mirada ha llevado adelante su vida y trabajo.<\/span><\/p>\n<p><span style=\"color: #000000;\">Hoy la abrazamos y la acompa\u00f1amos en este movimiento para dar soporte, cooperar en su difusi\u00f3n, concientizaci\u00f3n y en la promoci\u00f3n de espacios de uni\u00f3n y trabajo.<\/span><\/p>\n<p>[\/et_pb_text][\/et_pb_column][et_pb_column type=\u00bb1_5&#8243; _builder_version=\u00bb4.16&#8243; _module_preset=\u00bbdefault\u00bb global_colors_info=\u00bb{}\u00bb theme_builder_area=\u00bbpost_content\u00bb][\/et_pb_column][\/et_pb_row][\/et_pb_section]<\/p>\n","protected":false},"excerpt":{"rendered":"<p>D\u00eda Internacional de la Afasia Hoy 28 de junio es el D\u00eda Internacional de la Afasia y desde la gremial CECONEU lo visibilizamos para aportar a la difusi\u00f3n de este trastorno que afecta al lenguaje y para enviarle un abrazo c\u00e1lido a nuestra querida compa\u00f1era Daniela Rey. Daniela pertenece al rubro hace a\u00f1os y al [&hellip;]<\/p>\n","protected":false},"author":1,"featured_media":3311,"comment_status":"closed","ping_status":"closed","sticky":false,"template":"","format":"standard","meta":{"_et_pb_use_builder":"on","_et_pb_old_content":"","_et_gb_content_width":"","_monsterinsights_skip_tracking":false,"_monsterinsights_sitenote_active":false,"_monsterinsights_sitenote_note":"","_monsterinsights_sitenote_category":0,"footnotes":""},"categories":[6,16],"tags":[11,55,8,54],"class_list":["post-3308","post","type-post","status-publish","format-standard","has-post-thumbnail","hentry","category-noticias","category-socios","tag-ceconeu","tag-gomeria","tag-gomero","tag-uruguay"],"_links":{"self":[{"href":"https:\/\/ceconeu.com.uy\/index.php\/wp-json\/wp\/v2\/posts\/3308"}],"collection":[{"href":"https:\/\/ceconeu.com.uy\/index.php\/wp-json\/wp\/v2\/posts"}],"about":[{"href":"https:\/\/ceconeu.com.uy\/index.php\/wp-json\/wp\/v2\/types\/post"}],"author":[{"embeddable":true,"href":"https:\/\/ceconeu.com.uy\/index.php\/wp-json\/wp\/v2\/users\/1"}],"replies":[{"embeddable":true,"href":"https:\/\/ceconeu.com.uy\/index.php\/wp-json\/wp\/v2\/comments?post=3308"}],"version-history":[{"count":3,"href":"https:\/\/ceconeu.com.uy\/index.php\/wp-json\/wp\/v2\/posts\/3308\/revisions"}],"predecessor-version":[{"id":3313,"href":"https:\/\/ceconeu.com.uy\/index.php\/wp-json\/wp\/v2\/posts\/3308\/revisions\/3313"}],"wp:featuredmedia":[{"embeddable":true,"href":"https:\/\/ceconeu.com.uy\/index.php\/wp-json\/wp\/v2\/media\/3311"}],"wp:attachment":[{"href":"https:\/\/ceconeu.com.uy\/index.php\/wp-json\/wp\/v2\/media?parent=3308"}],"wp:term":[{"taxonomy":"category","embeddable":true,"href":"https:\/\/ceconeu.com.uy\/index.php\/wp-json\/wp\/v2\/categories?post=3308"},{"taxonomy":"post_tag","embeddable":true,"href":"https:\/\/ceconeu.com.uy\/index.php\/wp-json\/wp\/v2\/tags?post=3308"}],"curies":[{"name":"wp","href":"https:\/\/api.w.org\/{rel}","templated":true}]}}