{"id":3138,"date":"2022-01-21T17:18:44","date_gmt":"2022-01-21T17:18:44","guid":{"rendered":"https:\/\/ceconeu.com.uy\/?p=3138"},"modified":"2022-01-21T17:35:50","modified_gmt":"2022-01-21T17:35:50","slug":"3138","status":"publish","type":"post","link":"https:\/\/ceconeu.com.uy\/index.php\/2022\/01\/21\/3138\/","title":{"rendered":"Educaci\u00f3n con Perspectiva Medioambiental"},"content":{"rendered":"<p>[et_pb_section fb_built=\u00bb1&#8243; _builder_version=\u00bb3.22.7&#8243; custom_padding=\u00bb4px||60px|||\u00bb global_colors_info=\u00bb{}\u00bb theme_builder_area=\u00bbpost_content\u00bb][et_pb_row _builder_version=\u00bb3.25&#8243; global_colors_info=\u00bb{}\u00bb theme_builder_area=\u00bbpost_content\u00bb][et_pb_column type=\u00bb4_4&#8243; _builder_version=\u00bb3.25&#8243; custom_padding=\u00bb|||\u00bb global_colors_info=\u00bb{}\u00bb custom_padding__hover=\u00bb|||\u00bb theme_builder_area=\u00bbpost_content\u00bb][et_pb_image src=\u00bbhttp:\/\/ceconeu.com.uy\/wp-content\/uploads\/2022\/01\/Bioterra-y-RCD_CECONEU-CFP-1.png\u00bb _builder_version=\u00bb4.14.4&#8243; _module_preset=\u00bbdefault\u00bb theme_builder_area=\u00bbpost_content\u00bb hover_enabled=\u00bb0&#8243; sticky_enabled=\u00bb0&#8243; title_text=\u00bbBioterra y RCD_CECONEU CFP (1)\u00bb align=\u00bbcenter\u00bb][\/et_pb_image][\/et_pb_column][\/et_pb_row][et_pb_row _builder_version=\u00bb3.25&#8243; custom_padding=\u00bb25px||16px|||\u00bb global_colors_info=\u00bb{}\u00bb column_structure=\u00bb1_5,3_5,1_5&#8243; theme_builder_area=\u00bbpost_content\u00bb][et_pb_column type=\u00bb1_5&#8243; _builder_version=\u00bb3.25&#8243; custom_padding=\u00bb|||\u00bb global_colors_info=\u00bb{}\u00bb custom_padding__hover=\u00bb|||\u00bb theme_builder_area=\u00bbpost_content\u00bb][\/et_pb_column][et_pb_column type=\u00bb3_5&#8243; _builder_version=\u00bb3.25&#8243; custom_padding=\u00bb|||\u00bb global_colors_info=\u00bb{}\u00bb custom_padding__hover=\u00bb|||\u00bb theme_builder_area=\u00bbpost_content\u00bb][et_pb_text _builder_version=\u00bb4.14.4&#8243; hover_enabled=\u00bb0&#8243; global_colors_info=\u00bb{}\u00bb theme_builder_area=\u00bbpost_content\u00bb sticky_enabled=\u00bb0&#8243;]<\/p>\n<h2><strong>Educaci\u00f3n con Perspectiva Medioambiental<\/strong><\/h2>\n<p><strong><\/strong><\/p>\n<p>Educar con perspectiva medioambiental <strong>es esencial para el desarrollo de personas responsables, conscientes y \u00e9ticas, que aporten a la defensa y regeneraci\u00f3n del medio ambiente<\/strong> que hoy en d\u00eda ya se encuentra en crisis. Por esta raz\u00f3n incluimos lo ambiental como eje transversal en los cursos del Centro de Formaci\u00f3n.<\/p>\n<p>&nbsp;<\/p>\n<p>&#x267b;&#xfe0f; Bajo esta tem\u00e1tica, invitamos a <strong><a href=\"http:\/\/bioterra.com.uy\/\">Bioterra<\/a> y <a href=\"https:\/\/www.rcdreciclaje.com\/#\/home\">RCD Reciclaje<\/a>, dos empresas vinculadas a la gesti\u00f3n y revalorizaci\u00f3n de residuos<\/strong> a presentar su trabajo, principios y experiencias. RCD gestiona y revaloriza residuos de la construcci\u00f3n generando nuevos productos que son reinsertados en obras; y Bioterra gestiona residuos org\u00e1nicos que, a trav\u00e9s de procesos de compostaje, transforma en sustratos, fertilizantes e insecticidas usados en agricultura org\u00e1nica.<\/p>\n<p>&nbsp;<\/p>\n<p>&#x1f64c; Los j\u00f3venes de INISA de los cursos de Gomer\u00eda y Gesti\u00f3n de Residuos escucharon atentamente y participaron realizando preguntas y observaciones que dispararon conversaciones sobre la conservaci\u00f3n del medio ambiente, sistemas de reciclaje, consumo, h\u00e1bitos ambientales, sostenibilidad, manejo de residuos y m\u00e1s.<\/p>\n<p>&nbsp;<\/p>\n<p>&#x1f331; <strong>Preservar el planeta, sus recursos naturales y biodiversidad es tarea de todos y todas, y una de las herramientas m\u00e1s poderosas para proveer estos conocimientos y transformar la realidad ambiental es la educaci\u00f3n.<\/strong><\/p>\n<p>&nbsp;<\/p>\n<p>&#x1f30e; Agradecemos a Bioterra y RCD por aportar con su trabajo e ideas a la transici\u00f3n hacia un mundo m\u00e1s sostenible.<\/p>\n<p>[\/et_pb_text][\/et_pb_column][et_pb_column type=\u00bb1_5&#8243; _builder_version=\u00bb3.25&#8243; custom_padding=\u00bb|||\u00bb global_colors_info=\u00bb{}\u00bb custom_padding__hover=\u00bb|||\u00bb theme_builder_area=\u00bbpost_content\u00bb][\/et_pb_column][\/et_pb_row][\/et_pb_section]<\/p>\n","protected":false},"excerpt":{"rendered":"<p>Educaci\u00f3n con Perspectiva Medioambiental Educar con perspectiva medioambiental es esencial para el desarrollo de personas responsables, conscientes y \u00e9ticas, que aporten a la defensa y regeneraci\u00f3n del medio ambiente que hoy en d\u00eda ya se encuentra en crisis. Por esta raz\u00f3n incluimos lo ambiental como eje transversal en los cursos del Centro de Formaci\u00f3n. &nbsp; [&hellip;]<\/p>\n","protected":false},"author":1,"featured_media":3142,"comment_status":"closed","ping_status":"closed","sticky":false,"template":"","format":"standard","meta":{"_et_pb_use_builder":"on","_et_pb_old_content":"","_et_gb_content_width":"","_monsterinsights_skip_tracking":false,"_monsterinsights_sitenote_active":false,"_monsterinsights_sitenote_note":"","_monsterinsights_sitenote_category":0,"footnotes":""},"categories":[4,5,6],"tags":[82,65,52,55,57,51,22,54],"class_list":["post-3138","post","type-post","status-publish","format-standard","has-post-thumbnail","hentry","category-curso","category-formacion","category-noticias","tag-educacion","tag-formacion","tag-gestion-de-residuos","tag-gomeria","tag-jovenes","tag-neumaticos-2","tag-reciclaje","tag-uruguay"],"_links":{"self":[{"href":"https:\/\/ceconeu.com.uy\/index.php\/wp-json\/wp\/v2\/posts\/3138"}],"collection":[{"href":"https:\/\/ceconeu.com.uy\/index.php\/wp-json\/wp\/v2\/posts"}],"about":[{"href":"https:\/\/ceconeu.com.uy\/index.php\/wp-json\/wp\/v2\/types\/post"}],"author":[{"embeddable":true,"href":"https:\/\/ceconeu.com.uy\/index.php\/wp-json\/wp\/v2\/users\/1"}],"replies":[{"embeddable":true,"href":"https:\/\/ceconeu.com.uy\/index.php\/wp-json\/wp\/v2\/comments?post=3138"}],"version-history":[{"count":4,"href":"https:\/\/ceconeu.com.uy\/index.php\/wp-json\/wp\/v2\/posts\/3138\/revisions"}],"predecessor-version":[{"id":3145,"href":"https:\/\/ceconeu.com.uy\/index.php\/wp-json\/wp\/v2\/posts\/3138\/revisions\/3145"}],"wp:featuredmedia":[{"embeddable":true,"href":"https:\/\/ceconeu.com.uy\/index.php\/wp-json\/wp\/v2\/media\/3142"}],"wp:attachment":[{"href":"https:\/\/ceconeu.com.uy\/index.php\/wp-json\/wp\/v2\/media?parent=3138"}],"wp:term":[{"taxonomy":"category","embeddable":true,"href":"https:\/\/ceconeu.com.uy\/index.php\/wp-json\/wp\/v2\/categories?post=3138"},{"taxonomy":"post_tag","embeddable":true,"href":"https:\/\/ceconeu.com.uy\/index.php\/wp-json\/wp\/v2\/tags?post=3138"}],"curies":[{"name":"wp","href":"https:\/\/api.w.org\/{rel}","templated":true}]}}