{"id":3125,"date":"2021-12-31T16:16:41","date_gmt":"2021-12-31T16:16:41","guid":{"rendered":"https:\/\/ceconeu.com.uy\/?p=3125"},"modified":"2022-01-13T16:17:41","modified_gmt":"2022-01-13T16:17:41","slug":"3125","status":"publish","type":"post","link":"https:\/\/ceconeu.com.uy\/index.php\/2021\/12\/31\/3125\/","title":{"rendered":"\u00a1Felicidades! Este a\u00f1o pasaron muchas cosas&#8230;"},"content":{"rendered":"<p>[et_pb_section fb_built=\u00bb1&#8243; _builder_version=\u00bb3.22.7&#8243; custom_padding=\u00bb4px||60px|||\u00bb global_colors_info=\u00bb{}\u00bb theme_builder_area=\u00bbpost_content\u00bb][et_pb_row _builder_version=\u00bb3.25&#8243; global_colors_info=\u00bb{}\u00bb theme_builder_area=\u00bbpost_content\u00bb][et_pb_column type=\u00bb4_4&#8243; _builder_version=\u00bb3.25&#8243; custom_padding=\u00bb|||\u00bb global_colors_info=\u00bb{}\u00bb custom_padding__hover=\u00bb|||\u00bb theme_builder_area=\u00bbpost_content\u00bb][et_pb_image src=\u00bbhttp:\/\/ceconeu.com.uy\/wp-content\/uploads\/2022\/01\/ed22a748-d439-41d1-8dc7-1635a1c47e43.jpg\u00bb align_tablet=\u00bbcenter\u00bb align_last_edited=\u00bbon|desktop\u00bb _builder_version=\u00bb4.14.4&#8243; hover_enabled=\u00bb0&#8243; box_shadow_style=\u00bbpreset2&#8243; global_colors_info=\u00bb{}\u00bb theme_builder_area=\u00bbpost_content\u00bb title_text=\u00bbed22a748-d439-41d1-8dc7-1635a1c47e43&#8243; sticky_enabled=\u00bb0&#8243; align_phone=\u00bbcenter\u00bb][\/et_pb_image][\/et_pb_column][\/et_pb_row][et_pb_row _builder_version=\u00bb3.25&#8243; custom_padding=\u00bb81px|||||\u00bb global_colors_info=\u00bb{}\u00bb column_structure=\u00bb1_5,3_5,1_5&#8243; theme_builder_area=\u00bbpost_content\u00bb][et_pb_column type=\u00bb1_5&#8243; _builder_version=\u00bb3.25&#8243; custom_padding=\u00bb|||\u00bb global_colors_info=\u00bb{}\u00bb custom_padding__hover=\u00bb|||\u00bb theme_builder_area=\u00bbpost_content\u00bb][\/et_pb_column][et_pb_column type=\u00bb3_5&#8243; _builder_version=\u00bb3.25&#8243; custom_padding=\u00bb|||\u00bb global_colors_info=\u00bb{}\u00bb custom_padding__hover=\u00bb|||\u00bb theme_builder_area=\u00bbpost_content\u00bb][et_pb_text _builder_version=\u00bb4.14.4&#8243; hover_enabled=\u00bb0&#8243; global_colors_info=\u00bb{}\u00bb theme_builder_area=\u00bbpost_content\u00bb sticky_enabled=\u00bb0&#8243;]<\/p>\n<h1><strong>Este a\u00f1o en CECONEU pasaron cosas incre\u00edbles.<\/strong><\/h1>\n<p>&nbsp;<\/p>\n<p>Abrimos un <a href=\"https:\/\/ceconeu.com.uy\/wp-content\/uploads\/2021\/07\/Logo-con-m%C3%A1rgenes-400x250.png\">centro de formaci\u00f3n<\/a>, capacitamos j\u00f3venes desempleados, vecinos y vecinas del Plan Juntos, j\u00f3venes de INISA y especializamos trabajadores del rubro. \u00a1<a href=\"https:\/\/ceconeu.com.uy\/index.php\/2021\/10\/11\/3063\/\">Egresaron mujeres Gomeras<\/a>!<\/p>\n<p>&nbsp;<\/p>\n<p>Construimos plazas infantiles con neum\u00e1ticos fuera de uso en un <a href=\"https:\/\/ceconeu.com.uy\/index.php\/2021\/05\/30\/plaza-de-juegos-infantiles-con-nfu\/\">asentamiento en El Cerro<\/a>, en un <a href=\"https:\/\/ceconeu.com.uy\/index.php\/2021\/10\/04\/3054\/\">jard\u00edn en El Pinar<\/a> y dentro de la <a href=\"https:\/\/ceconeu.com.uy\/index.php\/2021\/12\/28\/3076\/\">Unidad n\u00ba4 de Santiago V\u00e1zquez.<\/a><\/p>\n<p>&nbsp;<\/p>\n<p>Tambi\u00e9n elaboramos junto al UNTMRA y Uruguay Certifica el <a href=\"https:\/\/ceconeu.com.uy\/index.php\/2021\/12\/17\/3087\/\">perfil ocupacional de Oficial en Gomer\u00eda<\/a> para reconocer y certificar a los\/as trabajadores con experiencia.<\/p>\n<p>&nbsp;<\/p>\n<p>Con diferentes municipios tenemos acuerdos para capacitar personas, construir plazas y apoyar la regularizaci\u00f3n de empresas barriales del rubro.<\/p>\n<p>&nbsp;<\/p>\n<p>Publicamos otra <a href=\"https:\/\/ceconeu.com.uy\/index.php\/2021\/06\/20\/rodando-larepublica\/\">revista rodando<\/a>, esta vez con el multimedio La Rep\u00fablica.<\/p>\n<p>&nbsp;<\/p>\n<p>Participamos de talleres, jornadas y seminarios sobre medioambiente y reciclaje con la <a href=\"https:\/\/ceconeu.com.uy\/index.php\/2021\/06\/30\/jornadas2021\/\">Sociedad Latinoamericana del Caucho<\/a>, otros con el <a href=\"https:\/\/ceconeu.com.uy\/index.php\/2021\/05\/29\/geneupresenta\/\">Ministerio de Ambiente,<\/a> tambi\u00e9n junto a la C\u00e1mara de Empresas Gestoras de Residuos, la Asociaci\u00f3n Internacional de Residuos S\u00f3lidos, otros sobre formaci\u00f3n junto a INEFOP, el MTSS y m\u00e1s.<\/p>\n<p>&nbsp;<\/p>\n<p>Un <a href=\"https:\/\/ceconeu.com.uy\/index.php\/2021\/12\/30\/3104\/\">convenio con UNICEF<\/a> gener\u00f3 cambios positivos estructurales en nuestro trabajo y propuestas formativas, posibilitando la adquisici\u00f3n de maquinaria propia para el Centro de Formaci\u00f3n.<\/p>\n<p>&nbsp;<\/p>\n<p>Somos m\u00e1s socios y socias y m\u00e1s equipo de trabajo.<\/p>\n<p>&nbsp;<\/p>\n<blockquote>\n<p><strong>Estos son algunos de los hitos 2021 que fueron posibles gracias a las personas que d\u00eda a d\u00eda trabajan en este gran equipo, las empresas socias, importadores y sus trabajadores y trabajadoras, y las instituciones y organizaciones con las que elaboramos e impulsamos los proyectos. \u00a1GRACIAS!<\/strong><\/p>\n<\/blockquote>\n<p>Para seguir con fuerza nos tomamos un descanso, \u00a1Nos vemos de vuelta el 10 Enero!<\/p>\n<p><em><strong>\u00a1Feliz cierre y comienzo del 2022!<\/strong><\/em><\/p>\n<p>[\/et_pb_text][\/et_pb_column][et_pb_column type=\u00bb1_5&#8243; _builder_version=\u00bb3.25&#8243; custom_padding=\u00bb|||\u00bb global_colors_info=\u00bb{}\u00bb custom_padding__hover=\u00bb|||\u00bb theme_builder_area=\u00bbpost_content\u00bb][\/et_pb_column][\/et_pb_row][\/et_pb_section]<\/p>\n","protected":false},"excerpt":{"rendered":"<p>Este a\u00f1o en CECONEU pasaron cosas incre\u00edbles. &nbsp; Abrimos un centro de formaci\u00f3n, capacitamos j\u00f3venes desempleados, vecinos y vecinas del Plan Juntos, j\u00f3venes de INISA y especializamos trabajadores del rubro. \u00a1Egresaron mujeres Gomeras! &nbsp; Construimos plazas infantiles con neum\u00e1ticos fuera de uso en un asentamiento en El Cerro, en un jard\u00edn en El Pinar y [&hellip;]<\/p>\n","protected":false},"author":1,"featured_media":3128,"comment_status":"closed","ping_status":"closed","sticky":false,"template":"","format":"standard","meta":{"_et_pb_use_builder":"on","_et_pb_old_content":"","_et_gb_content_width":"","_monsterinsights_skip_tracking":false,"_monsterinsights_sitenote_active":false,"_monsterinsights_sitenote_note":"","_monsterinsights_sitenote_category":0,"footnotes":""},"categories":[6,16],"tags":[],"class_list":["post-3125","post","type-post","status-publish","format-standard","has-post-thumbnail","hentry","category-noticias","category-socios"],"_links":{"self":[{"href":"https:\/\/ceconeu.com.uy\/index.php\/wp-json\/wp\/v2\/posts\/3125"}],"collection":[{"href":"https:\/\/ceconeu.com.uy\/index.php\/wp-json\/wp\/v2\/posts"}],"about":[{"href":"https:\/\/ceconeu.com.uy\/index.php\/wp-json\/wp\/v2\/types\/post"}],"author":[{"embeddable":true,"href":"https:\/\/ceconeu.com.uy\/index.php\/wp-json\/wp\/v2\/users\/1"}],"replies":[{"embeddable":true,"href":"https:\/\/ceconeu.com.uy\/index.php\/wp-json\/wp\/v2\/comments?post=3125"}],"version-history":[{"count":3,"href":"https:\/\/ceconeu.com.uy\/index.php\/wp-json\/wp\/v2\/posts\/3125\/revisions"}],"predecessor-version":[{"id":3130,"href":"https:\/\/ceconeu.com.uy\/index.php\/wp-json\/wp\/v2\/posts\/3125\/revisions\/3130"}],"wp:featuredmedia":[{"embeddable":true,"href":"https:\/\/ceconeu.com.uy\/index.php\/wp-json\/wp\/v2\/media\/3128"}],"wp:attachment":[{"href":"https:\/\/ceconeu.com.uy\/index.php\/wp-json\/wp\/v2\/media?parent=3125"}],"wp:term":[{"taxonomy":"category","embeddable":true,"href":"https:\/\/ceconeu.com.uy\/index.php\/wp-json\/wp\/v2\/categories?post=3125"},{"taxonomy":"post_tag","embeddable":true,"href":"https:\/\/ceconeu.com.uy\/index.php\/wp-json\/wp\/v2\/tags?post=3125"}],"curies":[{"name":"wp","href":"https:\/\/api.w.org\/{rel}","templated":true}]}}