{"id":3063,"date":"2021-10-11T16:05:52","date_gmt":"2021-10-11T16:05:52","guid":{"rendered":"https:\/\/ceconeu.com.uy\/?p=3063"},"modified":"2021-11-03T16:09:39","modified_gmt":"2021-11-03T16:09:39","slug":"3063","status":"publish","type":"post","link":"https:\/\/ceconeu.com.uy\/index.php\/2021\/10\/11\/3063\/","title":{"rendered":"\u00a1Egresaron del Plan Juntos!"},"content":{"rendered":"<p>[et_pb_section fb_built=\u00bb1&#8243; _builder_version=\u00bb3.22.7&#8243; custom_padding=\u00bb4px||60px|||\u00bb global_colors_info=\u00bb{}\u00bb][et_pb_row column_structure=\u00bb1_5,3_5,1_5&#8243; _builder_version=\u00bb3.25&#8243; custom_padding=\u00bb25px|||||\u00bb global_colors_info=\u00bb{}\u00bb][et_pb_column type=\u00bb1_5&#8243; _builder_version=\u00bb4.10.5&#8243; _module_preset=\u00bbdefault\u00bb global_colors_info=\u00bb{}\u00bb][\/et_pb_column][et_pb_column type=\u00bb3_5&#8243; _builder_version=\u00bb3.25&#8243; custom_padding=\u00bb|||\u00bb global_colors_info=\u00bb{}\u00bb custom_padding__hover=\u00bb|||\u00bb][et_pb_gallery gallery_ids=\u00bb3066,3067,3068,3069&#8243; fullwidth=\u00bbon\u00bb _builder_version=\u00bb4.10.5&#8243; _module_preset=\u00bbdefault\u00bb global_colors_info=\u00bb{}\u00bb hover_enabled=\u00bb0&#8243; sticky_enabled=\u00bb0&#8243;][\/et_pb_gallery][et_pb_text _builder_version=\u00bb4.10.5&#8243; text_font=\u00bb||||||||\u00bb global_colors_info=\u00bb{}\u00bb hover_enabled=\u00bb0&#8243; sticky_enabled=\u00bb0&#8243;]<\/p>\n<h1 style=\"text-align: left;\"><strong><\/strong><\/h1>\n<h1 style=\"text-align: left;\"><strong>As\u00ed fue el egreso&#8230;<br \/><\/strong><\/h1>\n<p>[\/et_pb_text][et_pb_text _builder_version=\u00bb4.10.5&#8243; _module_preset=\u00bbdefault\u00bb text_font=\u00bb||||||||\u00bb text_font_size=\u00bb15px\u00bb global_colors_info=\u00bb{}\u00bb hover_enabled=\u00bb0&#8243; sticky_enabled=\u00bb0&#8243;]<\/p>\n<p><span style=\"font-size: large;\"><strong>El pasado mi\u00e9rcoles 6 de octubre egresaron 12 vecinas y vecinos del Plan Juntos como Medio Oficial Gomero y Gomera.<\/strong><\/span><\/p>\n<p>Fue un hito, ya que fueron certificadas las primeras mujeres formadas en este \u00e1mbito, rompiendo estereotipos de g\u00e9nero y favoreciendo a generar oportunidades laborales para mujeres dentro del oficio y rubro.<\/p>\n<p>Tambi\u00e9n este d\u00eda se destac\u00f3 por la ausencia de Nicol\u00e1s, actual egresado del curso, que no pudo asistir porque <strong>\u00a1Ya ha comenzado a trabajar como gomero en una de las empresas que nuclea CECONEU!<\/strong><\/p>\n<p>Nos acompa\u00f1aron autoridades del Ministerio de Vivienda y Ordenamiento Territorial y su Plan Juntos, INISA, CECONEU y su Centro de Formaci\u00f3n, INISA, INMUJERES y destacadas mujeres del medio pol\u00edtico, social y empresarial.<\/p>\n<p>Felicitamos a las y los egresados y agradecemos a quienes estuvieron presentes.<\/p>\n<p>[\/et_pb_text][\/et_pb_column][et_pb_column type=\u00bb1_5&#8243; _builder_version=\u00bb3.25&#8243; custom_padding=\u00bb|||\u00bb global_colors_info=\u00bb{}\u00bb custom_padding__hover=\u00bb|||\u00bb][\/et_pb_column][\/et_pb_row][\/et_pb_section]<\/p>\n","protected":false},"excerpt":{"rendered":"<p>As\u00ed fue el egreso&#8230;El pasado mi\u00e9rcoles 6 de octubre egresaron 12 vecinas y vecinos del Plan Juntos como Medio Oficial Gomero y Gomera. Fue un hito, ya que fueron certificadas las primeras mujeres formadas en este \u00e1mbito, rompiendo estereotipos de g\u00e9nero y favoreciendo a generar oportunidades laborales para mujeres dentro del oficio y rubro. Tambi\u00e9n [&hellip;]<\/p>\n","protected":false},"author":1,"featured_media":3066,"comment_status":"closed","ping_status":"closed","sticky":false,"template":"","format":"standard","meta":{"_et_pb_use_builder":"on","_et_pb_old_content":"","_et_gb_content_width":"","_monsterinsights_skip_tracking":false,"_monsterinsights_sitenote_active":false,"_monsterinsights_sitenote_note":"","_monsterinsights_sitenote_category":0,"footnotes":""},"categories":[4,5,6],"tags":[11,82,57,79,54],"class_list":["post-3063","post","type-post","status-publish","format-standard","has-post-thumbnail","hentry","category-curso","category-formacion","category-noticias","tag-ceconeu","tag-educacion","tag-jovenes","tag-trabajadores","tag-uruguay"],"_links":{"self":[{"href":"https:\/\/ceconeu.com.uy\/index.php\/wp-json\/wp\/v2\/posts\/3063"}],"collection":[{"href":"https:\/\/ceconeu.com.uy\/index.php\/wp-json\/wp\/v2\/posts"}],"about":[{"href":"https:\/\/ceconeu.com.uy\/index.php\/wp-json\/wp\/v2\/types\/post"}],"author":[{"embeddable":true,"href":"https:\/\/ceconeu.com.uy\/index.php\/wp-json\/wp\/v2\/users\/1"}],"replies":[{"embeddable":true,"href":"https:\/\/ceconeu.com.uy\/index.php\/wp-json\/wp\/v2\/comments?post=3063"}],"version-history":[{"count":4,"href":"https:\/\/ceconeu.com.uy\/index.php\/wp-json\/wp\/v2\/posts\/3063\/revisions"}],"predecessor-version":[{"id":3074,"href":"https:\/\/ceconeu.com.uy\/index.php\/wp-json\/wp\/v2\/posts\/3063\/revisions\/3074"}],"wp:featuredmedia":[{"embeddable":true,"href":"https:\/\/ceconeu.com.uy\/index.php\/wp-json\/wp\/v2\/media\/3066"}],"wp:attachment":[{"href":"https:\/\/ceconeu.com.uy\/index.php\/wp-json\/wp\/v2\/media?parent=3063"}],"wp:term":[{"taxonomy":"category","embeddable":true,"href":"https:\/\/ceconeu.com.uy\/index.php\/wp-json\/wp\/v2\/categories?post=3063"},{"taxonomy":"post_tag","embeddable":true,"href":"https:\/\/ceconeu.com.uy\/index.php\/wp-json\/wp\/v2\/tags?post=3063"}],"curies":[{"name":"wp","href":"https:\/\/api.w.org\/{rel}","templated":true}]}}