{"id":2875,"date":"2021-07-06T15:44:55","date_gmt":"2021-07-06T15:44:55","guid":{"rendered":"https:\/\/ceconeu.com.uy\/?p=2875"},"modified":"2021-07-06T15:51:55","modified_gmt":"2021-07-06T15:51:55","slug":"2875","status":"publish","type":"post","link":"https:\/\/ceconeu.com.uy\/index.php\/2021\/07\/06\/2875\/","title":{"rendered":"Selecci\u00f3n de Herramientas de ANDE"},"content":{"rendered":"<p>[et_pb_section fb_built=\u00bb1&#8243; _builder_version=\u00bb4.5.3&#8243; _module_preset=\u00bbdefault\u00bb custom_padding=\u00bb2px||0px||false|\u00bb][et_pb_row _builder_version=\u00bb4.5.3&#8243; _module_preset=\u00bbdefault\u00bb][et_pb_column type=\u00bb4_4&#8243; _builder_version=\u00bb4.5.3&#8243; _module_preset=\u00bbdefault\u00bb][et_pb_image src=\u00bbhttps:\/\/pbs.twimg.com\/media\/EZwSKeLXYAEAJYo.jpg\u00bb _builder_version=\u00bb4.5.3&#8243; _module_preset=\u00bbdefault\u00bb hover_enabled=\u00bb0&#8243;][\/et_pb_image][\/et_pb_column][\/et_pb_row][\/et_pb_section][et_pb_section fb_built=\u00bb1&#8243; _builder_version=\u00bb4.5.3&#8243; _module_preset=\u00bbdefault\u00bb custom_padding=\u00bb2px||53px||false|\u00bb][et_pb_row column_structure=\u00bb1_5,3_5,1_5&#8243; _builder_version=\u00bb4.5.3&#8243; _module_preset=\u00bbdefault\u00bb][et_pb_column type=\u00bb1_5&#8243; _builder_version=\u00bb4.5.3&#8243; _module_preset=\u00bbdefault\u00bb][\/et_pb_column][et_pb_column type=\u00bb3_5&#8243; _builder_version=\u00bb4.5.3&#8243; _module_preset=\u00bbdefault\u00bb][et_pb_text _builder_version=\u00bb4.5.3&#8243; _module_preset=\u00bbdefault\u00bb hover_enabled=\u00bb0&#8243;]<\/p>\n<h1><b>Almac\u00e9n de herramientas para empresas<\/b><\/h1>\n<p><span><span style=\"text-decoration: underline;\"><a href=\"https:\/\/www.ande.org.uy\/\">ANDE<\/a><\/span>, la Agencia Nacional de Desarrollo, cuenta con el \u201cAlmac\u00e9n de herramientas\u201d. Charlas, talleres y dispositivos \u00fatiles para favorecer y capacitar a emprendimientos, micro y peque\u00f1as empresas. Si no las conoc\u00e9s te invitamos a explorarlas en: <\/span><\/p>\n<p><strong><span style=\"text-decoration: underline;\"><a href=\"https:\/\/www.ande.org.uy\/almacen-de-herramientas\">www.ande.org.uy\/almacen-de-herramientas<\/a>\u00a0<\/span><\/strong><\/p>\n<blockquote>\n<p><span style=\"font-size: 14px;\">Desde CECONEU seleccionamos y recomendamos a nuestras empresas socias algunas de estas herramientas propuestas por ANDE. Es una oportunidad para aprender, actualizarse y crecer.<\/span><\/p>\n<\/blockquote>\n<p><b><\/b><\/p>\n<p><b><\/b><\/p>\n<p><span style=\"font-size: large;\"><b>1. Herramientas digitales para impulsar tu emprendimiento<\/b><\/span><\/p>\n<p><span style=\"font-weight: 400;\">Muchas empresas de la gremial no cuentan con redes sociales y encuentran estas plataformas como un desaf\u00edo complejo. Valentina Rodr\u00edguez y Emilia Almeida presentan una forma de realizar un mini diagn\u00f3stico comunicacional para nuestras empresas. Informaci\u00f3n sobre c\u00f3mo utilizar las redes sociales -con algunos tips incluidos-, formas de comercializar a trav\u00e9s de plataformas digitales, y por \u00faltimo comparten algunos ejemplos de herramientas para digitalizar nuestro emprendimiento.<\/span><\/p>\n<p><span style=\"font-weight: 400;\">Miralo en: <\/span><a href=\"https:\/\/youtu.be\/2lWjyxuA5IQ\"><span style=\"font-weight: 400;\">https:\/\/youtu.be\/2lWjyxuA5IQ<\/span><\/a><span style=\"font-weight: 400;\">\u00a0<\/span><\/p>\n<p>&nbsp;<\/p>\n<p><span style=\"font-size: large;\"><b>2. Google My Business<\/b><\/span><\/p>\n<p><span style=\"font-weight: 400;\">\u00bfTu empresa se encuentra en Google? Esta herramienta te ayudar\u00e1 a mostrarle a tus usuarios y potenciales clientes tu negocio. Te permite, entre otras cosas, verificar la informaci\u00f3n de tu empresa, administrar las rese\u00f1as de tus clientes y obtener informaci\u00f3n personalizada sobre la forma en la que los usuarios interact\u00faan con tu empresa. Es gratis para iOS y Android.<\/span><\/p>\n<p><span style=\"font-weight: 400;\">Link: <\/span><a href=\"https:\/\/www.google.es\/intl\/es\/business\/\"><span style=\"font-weight: 400;\">https:\/\/www.google.es\/intl\/es\/business\/<\/span><\/a><span style=\"font-weight: 400;\">\u00a0<\/span><\/p>\n<p>&nbsp;<\/p>\n<p><span style=\"font-size: large;\"><b>3. Tr\u00e1mites en l\u00ednea<\/b><\/span><\/p>\n<p><span style=\"font-weight: 400;\">Los servicios p\u00fablicos se han transformado, y los tr\u00e1mites los hacemos en l\u00ednea. \u00bfA\u00fan te cuesta comprender c\u00f3mo funciona? Sandra y Nicol\u00e1s nos presentan el sistema gub.uy y c\u00f3mo navegar en esta plataforma estatal, para luego presentar aquellos tr\u00e1mites que pueden ser realizados 100% en l\u00ednea y qu\u00e9 pasos debemos dar para poder hacer uso de \u00e9stos.<\/span><\/p>\n<p><span style=\"font-weight: 400;\">(Tip: En el minuto 30 del video vemos un recorrido y explicaci\u00f3n detallada del uso de la p\u00e1gina <\/span><a href=\"https:\/\/www.gub.uy\/tramites\/\"><span style=\"font-weight: 400;\">https:\/\/www.gub.uy\/tramites\/<\/span><\/a><span style=\"font-weight: 400;\">)<\/span><\/p>\n<p><span style=\"font-weight: 400;\">Miralo en: <\/span><a href=\"https:\/\/youtu.be\/wfirgsk7-1E?list=PLBlX0XLOfS4x9Ky66ioLT8rARFGjUf2Gk\"><span style=\"font-weight: 400;\">https:\/\/youtu.be\/wfirgsk7-1E?list=PLBlX0XLOfS4x9Ky66ioLT8rARFGjUf2Gk<\/span><\/a><span style=\"font-weight: 400;\">\u00a0<\/span><\/p>\n<p><span style=\"font-weight: 400;\"><\/span><\/p>\n<p><span style=\"font-weight: 400;\"><\/span><\/p>\n<p><span style=\"font-size: large;\"><b>4. P\u00e1gina web: Wix<\/b><\/span><\/p>\n<p><span style=\"font-weight: 400;\">Si a\u00fan su empresa no tiene una p\u00e1gina web y creen que la presencia online ser\u00eda un beneficio, les recomendamos utilizar la plataforma WIX. Permite dise\u00f1ar y desarrollar p\u00e1ginas web profesionales de forma intuitiva y f\u00e1cil, brinda formatos predeterminados de p\u00e1ginas que pueden elegir y personalizar.\u00a0<\/span><\/p>\n<p><span style=\"font-weight: 400;\">Pueden generar p\u00e1ginas gratuitas o pueden comprar su dominio all\u00ed mismo<\/span><\/p>\n<p><span style=\"font-weight: 400;\">Visitar: <\/span><a href=\"https:\/\/es.wix.com\/\"><span style=\"font-weight: 400;\">https:\/\/es.wix.com\/<\/span><\/a><span style=\"font-weight: 400;\">\u00a0<\/span><\/p>\n<p><span style=\"font-weight: 400;\"><\/span><\/p>\n<p><span style=\"font-weight: 400;\"><\/span><\/p>\n<p><span style=\"font-size: large;\"><b>5. Google para PyMEs<\/b><\/span><\/p>\n<p><span style=\"font-weight: 400;\">\u00bfSab\u00edas que Google tiene un espacio exclusivo para PyMes? Respondiendo algunas preguntas, Google ayuda a las empresas a crear un plan personalizado para alcanzar sus objetivos. Te vas a encontrar con herramientas, tutoriales gratis y recursos para impulsar tu negocio en estos tiempos de covid-19.\u00a0<\/span><\/p>\n<p><span style=\"font-weight: 400;\">Segu\u00ed los pasos en: <\/span><a href=\"https:\/\/smallbusiness.withgoogle.com\/intl\/es-419_co\/news\/resources-for-smbs-impacted-by-coronavirus\/#!\/\"><span style=\"font-weight: 400;\">https:\/\/smallbusiness.withgoogle.com\/intl\/es-419_co\/news\/resources-for-smbs-impacted-by-coronavirus\/#!\/<\/span><\/a><span style=\"font-weight: 400;\">\u00a0<\/span><\/p>\n<p><span style=\"font-weight: 400;\"><\/span><\/p>\n<p><span style=\"font-weight: 400;\"><\/span><\/p>\n<p><span style=\"font-weight: 400;\"><\/span><\/p>\n<p><span style=\"font-size: large;\"><b>6. Mitos y verdades sobre el cr\u00e9dito<\/b><\/span><\/p>\n<p><span style=\"font-weight: 400;\">En este caf\u00e9 virtual Mercedes presenta los mitos y verdades sobre el cr\u00e9dito, y cuenta qu\u00e9 aspectos tener en cuenta a la hora de considerar sacar un cr\u00e9dito y de qu\u00e9 tipo. Finalmente, presenta algunas de las herramientas de financiamiento con las que cuenta la Agencia.<\/span><\/p>\n<p><span style=\"font-weight: 400;\">Ver en: <\/span><a href=\"https:\/\/youtu.be\/FCoHpwbkTXc\"><span style=\"font-weight: 400;\">https:\/\/youtu.be\/FCoHpwbkTXc<\/span><\/a><span style=\"font-weight: 400;\">\u00a0<\/span><\/p>\n<p><span style=\"font-weight: 400;\"><\/span><\/p>\n<p><span style=\"font-weight: 400;\"><\/span><\/p>\n<p><span style=\"font-weight: 400;\"><\/span><\/p>\n<p><span style=\"font-size: large;\"><b>7. Mercado Libre<\/b><\/span><\/p>\n<p><span style=\"font-weight: 400;\">\u00bfYa vend\u00e9s tus servicios o productos en MercadoLibre? \u00bfTe gustar\u00eda hacerlo o mejorarlo? Les recomendamos el caf\u00e9 virtual sobre \u201cc\u00f3mo potenciar tu negocio mediante e-commerce\u201d, donde Sebasti\u00e1n Paz y Noela Ferr\u00e9s presentan las herramientas Mercado Libre y Mercado Pago como alternativas para aumentar canales y formas de venta. Cuentan c\u00f3mo vender a trav\u00e9s de la plataforma, con algunos tips para vendedores y soluciones de cobro para vender a trav\u00e9s de las redes sociales.<\/span><\/p>\n<p><span style=\"font-weight: 400;\">Ver en: <\/span><a href=\"https:\/\/www.youtube.com\/watch?v=kR_G-gUffJE&amp;ab_channel=ANDE\"><span style=\"font-weight: 400;\">https:\/\/www.youtube.com\/watch?v=kR_G-gUffJE&amp;ab_channel=ANDE<\/span><\/a><span style=\"font-weight: 400;\">\u00a0<\/span><\/p>\n<p><span style=\"font-weight: 400;\"><\/span><\/p>\n<p><span style=\"font-weight: 400;\"><\/span><\/p>\n<p><span style=\"font-weight: 400;\"><\/span><\/p>\n<p><span style=\"font-size: large;\"><b>8. Prevenci\u00f3n de conflictos en las empresas familiares<\/b><\/span><\/p>\n<p><span style=\"font-weight: 400;\">En nuestra gremial CECONEU, la mayor\u00eda son empresas de este tipo, y la crisis por covid-19 puede generar tensiones. Wildo Perdomo conversa sobre la complejidad de las empresas familiares, sobre c\u00f3mo manejar el conflicto y sus consecuencias, haciendo hincapi\u00e9 en los factores de riesgo y las pautas para prevenirlo. Tambi\u00e9n brinda una metodolog\u00eda para trabajar en la prevenci\u00f3n y gesti\u00f3n del conflicto.<\/span><\/p>\n<p><span style=\"font-weight: 400;\">Ver en: <\/span><a href=\"https:\/\/youtu.be\/cyOwqjVrvCY\"><span style=\"font-weight: 400;\">https:\/\/youtu.be\/cyOwqjVrvCY<\/span><\/a><span style=\"font-weight: 400;\">\u00a0<\/span><\/p>\n<p><span style=\"font-weight: 400;\"><\/span><\/p>\n<p><span style=\"font-weight: 400;\"><\/span><\/p>\n<p><span style=\"font-size: large;\"><b>9. Dise\u00f1os con Canva<\/b><\/span><\/p>\n<p><span style=\"font-weight: 400;\">Canva es una plataforma que le permite dise\u00f1ar de forma digital im\u00e1genes y documentos para las redes sociales y canales de comunicaci\u00f3n de su empresa. Tiene una enorme cantidad de plantillas f\u00e1cilmente personalizables y la mayor\u00eda son gratuitas! Cre\u00e1 tus propios afiches, logos, presentaciones, tarjetas, publicaciones para instagram y facebook, infograf\u00edas, carteles, informes, etc.\u00a0<\/span><\/p>\n<p><span style=\"font-weight: 400;\">Ingres\u00e1 a: <\/span><a href=\"https:\/\/www.canva.com\/\"><span style=\"font-weight: 400;\">www.canva.com\/<\/span><\/a><span style=\"font-weight: 400;\">\u00a0<\/span><\/p>\n<p><span style=\"font-weight: 400; font-size: large;\"><\/span><\/p>\n<p><span style=\"font-weight: 400; font-size: large;\"><\/span><\/p>\n<p><span style=\"font-weight: 400; font-size: large;\"><\/span><\/p>\n<p><span style=\"font-size: large;\"><b>10. Gestionar las emociones en tiempos de crisis para l\u00edderes de empresas<\/b><\/span><\/p>\n<p><span style=\"font-weight: 400;\">No ha sido nada f\u00e1cil para las PYMES sostenerse en este 2020 y 2021, Lilyana Denicolay conversa sobre c\u00f3mo sobrellevar la situaci\u00f3n de crisis a partir de la gesti\u00f3n de nuestras emociones, de forma tal que esta nos fortalezca. Trabaja el concepto de resilencia, as\u00ed como tambi\u00e9n algunas habilidades a desarrollar en estos tiempos.<\/span><\/p>\n<p><span style=\"font-weight: 400;\">Miralo en: <\/span><a href=\"https:\/\/youtu.be\/XSumEnAqLL8\"><span style=\"font-weight: 400;\">https:\/\/youtu.be\/XSumEnAqLL8<\/span><\/a><span style=\"font-weight: 400;\">\u00a0<\/span><\/p>\n<p><span style=\"font-weight: 400;\"><\/span><\/p>\n<p><span style=\"font-weight: 400;\"><\/span><\/p>\n<p><span style=\"font-weight: 400;\"><\/span><\/p>\n<p><span style=\"font-size: large;\"><b>11. Linkedin<\/b><\/span><\/p>\n<p><span style=\"font-weight: 400;\">Gabriela presenta las principales razones por las cuales toda persona emprendedora y empresaria deber\u00eda <span style=\"color: #000000;\">contar<\/span> con un perfil en LinkedIn, y comparte algunos consejos a la hora de armar tu perfil en dicha red social.<\/span><\/p>\n<p><span style=\"font-weight: 400;\">Ver en: <\/span><a href=\"https:\/\/youtu.be\/TnrNt8RItjQ\"><span style=\"font-weight: 400;\">https:\/\/youtu.be\/TnrNt8RItjQ<\/span><\/a><span style=\"font-weight: 400;\">\u00a0<\/span><\/p>\n<p><span style=\"font-weight: 400;\"><\/span><\/p>\n<p>[\/et_pb_text][\/et_pb_column][et_pb_column type=\u00bb1_5&#8243; _builder_version=\u00bb4.5.3&#8243; _module_preset=\u00bbdefault\u00bb][\/et_pb_column][\/et_pb_row][\/et_pb_section]<\/p>\n","protected":false},"excerpt":{"rendered":"<p>Almac\u00e9n de herramientas para empresas ANDE, la Agencia Nacional de Desarrollo, cuenta con el \u201cAlmac\u00e9n de herramientas\u201d. Charlas, talleres y dispositivos \u00fatiles para favorecer y capacitar a emprendimientos, micro y peque\u00f1as empresas. Si no las conoc\u00e9s te invitamos a explorarlas en: www.ande.org.uy\/almacen-de-herramientas\u00a0 Desde CECONEU seleccionamos y recomendamos a nuestras empresas socias algunas de estas herramientas [&hellip;]<\/p>\n","protected":false},"author":1,"featured_media":2880,"comment_status":"closed","ping_status":"closed","sticky":false,"template":"","format":"standard","meta":{"_et_pb_use_builder":"on","_et_pb_old_content":"","_et_gb_content_width":"","_monsterinsights_skip_tracking":false,"_monsterinsights_sitenote_active":false,"_monsterinsights_sitenote_note":"","_monsterinsights_sitenote_category":0,"footnotes":""},"categories":[6,16],"tags":[11,55,8,76,51,47,54],"class_list":["post-2875","post","type-post","status-publish","format-standard","has-post-thumbnail","hentry","category-noticias","category-socios","tag-ceconeu","tag-gomeria","tag-gomero","tag-gremial","tag-neumaticos-2","tag-socios","tag-uruguay"],"_links":{"self":[{"href":"https:\/\/ceconeu.com.uy\/index.php\/wp-json\/wp\/v2\/posts\/2875"}],"collection":[{"href":"https:\/\/ceconeu.com.uy\/index.php\/wp-json\/wp\/v2\/posts"}],"about":[{"href":"https:\/\/ceconeu.com.uy\/index.php\/wp-json\/wp\/v2\/types\/post"}],"author":[{"embeddable":true,"href":"https:\/\/ceconeu.com.uy\/index.php\/wp-json\/wp\/v2\/users\/1"}],"replies":[{"embeddable":true,"href":"https:\/\/ceconeu.com.uy\/index.php\/wp-json\/wp\/v2\/comments?post=2875"}],"version-history":[{"count":4,"href":"https:\/\/ceconeu.com.uy\/index.php\/wp-json\/wp\/v2\/posts\/2875\/revisions"}],"predecessor-version":[{"id":2882,"href":"https:\/\/ceconeu.com.uy\/index.php\/wp-json\/wp\/v2\/posts\/2875\/revisions\/2882"}],"wp:featuredmedia":[{"embeddable":true,"href":"https:\/\/ceconeu.com.uy\/index.php\/wp-json\/wp\/v2\/media\/2880"}],"wp:attachment":[{"href":"https:\/\/ceconeu.com.uy\/index.php\/wp-json\/wp\/v2\/media?parent=2875"}],"wp:term":[{"taxonomy":"category","embeddable":true,"href":"https:\/\/ceconeu.com.uy\/index.php\/wp-json\/wp\/v2\/categories?post=2875"},{"taxonomy":"post_tag","embeddable":true,"href":"https:\/\/ceconeu.com.uy\/index.php\/wp-json\/wp\/v2\/tags?post=2875"}],"curies":[{"name":"wp","href":"https:\/\/api.w.org\/{rel}","templated":true}]}}