{"id":2430,"date":"2020-09-10T15:16:02","date_gmt":"2020-09-10T15:16:02","guid":{"rendered":"https:\/\/ceconeu.com.uy\/?p=2430"},"modified":"2020-09-10T15:17:39","modified_gmt":"2020-09-10T15:17:39","slug":"2430","status":"publish","type":"post","link":"https:\/\/ceconeu.com.uy\/index.php\/2020\/09\/10\/2430\/","title":{"rendered":"Informe GENEU 2019"},"content":{"rendered":"<p>[et_pb_section fb_built=\u00bb1&#8243; _builder_version=\u00bb3.22.7&#8243; custom_padding=\u00bb3px||0px|||\u00bb][et_pb_row custom_padding=\u00bb44px||0px|||\u00bb _builder_version=\u00bb3.22.7&#8243;][et_pb_column type=\u00bb1_5&#8243; _builder_version=\u00bb3.22.7&#8243;][\/et_pb_column][et_pb_column type=\u00bb3_5&#8243; _builder_version=\u00bb3.22.7&#8243;][et_pb_text _builder_version=\u00bb3.22.7&#8243; text_font=\u00bb||||||||\u00bb text_text_color=\u00bb#242424&#8243; text_font_size=\u00bb16px\u00bb min_height=\u00bb121px\u00bb]<\/p>\n<h2><b>Gesti\u00f3n de Neum\u00e1ticos Usados.\u00a0<\/b><\/h2>\n<p><span style=\"font-size: medium;\">Presentamos la memoria anual 2019 de GENEU, el plan de gesti\u00f3n de neum\u00e1ticos de CECONEU, esta actividad ha sido tanto un desaf\u00edo como un honor. <\/span><\/p>\n<p><span style=\"font-size: medium;\">Ser una de las pocas gremiales que cuentan con un plan de gesti\u00f3n propio, que asegura y garantiza la correcta eliminaci\u00f3n del residuo que m\u00e1s genera, nos enorgullece y nos motiva a continuar la tarea persiguiendo resultados sobresalientes.\u00a0<\/span><\/p>\n<p><span style=\"font-weight: 400;\"> <\/span><\/p>\n<p>[\/et_pb_text][et_pb_text text_font_size=\u00bb16px\u00bb _builder_version=\u00bb3.22.7&#8243; text_font=\u00bb||||||||\u00bb]<\/p>\n<p><strong>Link para leer el informe 2019:\u00a0<span style=\"text-decoration-line: underline;\"><a href=\"http:\/\/ceconeu.com.uy\/wp-content\/uploads\/2020\/09\/Informe-2019-GENEU-_comp..pdf\" rel=\"attachment wp-att-2435\">Informe 2019 &#8211; GENEU<\/a><\/span><\/strong><\/p>\n<p>[\/et_pb_text][et_pb_text text_font_size=\u00bb12px\u00bb _builder_version=\u00bb3.22.7&#8243; text_font=\u00bb||||||||\u00bb]<\/p>\n<p>Este documento fue elaborado en el marco del Decreto N\u00b0 358\/015 APROBACI\u00d3N DEL REGLAMENTO DE GESTI\u00d3N DE NEUM\u00c1TICOS Y C\u00c1MARAS FUERA DE USO de fecha de Promulgaci\u00f3n: 28\/12\/2015 y Publicaci\u00f3n: 08\/01\/2016. Se emite para dar cumplimiento con el compromiso de frente a Direcci\u00f3n Nacional de Medio Ambiente (DINAMA) del Informe avance el plan maestro tal cual establece la<br \/> Resoluci\u00f3n de la Direcci\u00f3n Nacional RDN 451\/16 articulo 2 literal g.<\/p>\n<p>[\/et_pb_text][et_pb_image src=\u00bbhttp:\/\/ceconeu.com.uy\/wp-content\/uploads\/2020\/09\/Informe-2019-Tapa_page-0001.jpg\u00bb _builder_version=\u00bb3.22.7&#8243;][\/et_pb_image][\/et_pb_column][et_pb_column type=\u00bb1_5&#8243; _builder_version=\u00bb3.22.7&#8243;][\/et_pb_column][\/et_pb_row][\/et_pb_section]<\/p>\n","protected":false},"excerpt":{"rendered":"<p>Gesti\u00f3n de Neum\u00e1ticos Usados.\u00a0 Presentamos la memoria anual 2019 de GENEU, el plan de gesti\u00f3n de neum\u00e1ticos de CECONEU, esta actividad ha sido tanto un desaf\u00edo como un honor. Ser una de las pocas gremiales que cuentan con un plan de gesti\u00f3n propio, que asegura y garantiza la correcta eliminaci\u00f3n del residuo que m\u00e1s genera, [&hellip;]<\/p>\n","protected":false},"author":1,"featured_media":2434,"comment_status":"closed","ping_status":"closed","sticky":false,"template":"","format":"standard","meta":{"_et_pb_use_builder":"on","_et_pb_old_content":"","_et_gb_content_width":"","_monsterinsights_skip_tracking":false,"_monsterinsights_sitenote_active":false,"_monsterinsights_sitenote_note":"","_monsterinsights_sitenote_category":0,"footnotes":""},"categories":[6,50],"tags":[72,33,52,55,69,32,22,30,70,31,24,54],"class_list":["post-2430","post","type-post","status-publish","format-standard","has-post-thumbnail","hentry","category-noticias","category-reciclaje","tag-bioconstruccion","tag-geneu","tag-gestion-de-residuos","tag-gomeria","tag-nfu","tag-plan-de-gestion","tag-reciclaje","tag-residuos","tag-reuso","tag-revalorizacion","tag-sustentable","tag-uruguay"],"_links":{"self":[{"href":"https:\/\/ceconeu.com.uy\/index.php\/wp-json\/wp\/v2\/posts\/2430"}],"collection":[{"href":"https:\/\/ceconeu.com.uy\/index.php\/wp-json\/wp\/v2\/posts"}],"about":[{"href":"https:\/\/ceconeu.com.uy\/index.php\/wp-json\/wp\/v2\/types\/post"}],"author":[{"embeddable":true,"href":"https:\/\/ceconeu.com.uy\/index.php\/wp-json\/wp\/v2\/users\/1"}],"replies":[{"embeddable":true,"href":"https:\/\/ceconeu.com.uy\/index.php\/wp-json\/wp\/v2\/comments?post=2430"}],"version-history":[{"count":3,"href":"https:\/\/ceconeu.com.uy\/index.php\/wp-json\/wp\/v2\/posts\/2430\/revisions"}],"predecessor-version":[{"id":2437,"href":"https:\/\/ceconeu.com.uy\/index.php\/wp-json\/wp\/v2\/posts\/2430\/revisions\/2437"}],"wp:featuredmedia":[{"embeddable":true,"href":"https:\/\/ceconeu.com.uy\/index.php\/wp-json\/wp\/v2\/media\/2434"}],"wp:attachment":[{"href":"https:\/\/ceconeu.com.uy\/index.php\/wp-json\/wp\/v2\/media?parent=2430"}],"wp:term":[{"taxonomy":"category","embeddable":true,"href":"https:\/\/ceconeu.com.uy\/index.php\/wp-json\/wp\/v2\/categories?post=2430"},{"taxonomy":"post_tag","embeddable":true,"href":"https:\/\/ceconeu.com.uy\/index.php\/wp-json\/wp\/v2\/tags?post=2430"}],"curies":[{"name":"wp","href":"https:\/\/api.w.org\/{rel}","templated":true}]}}