{"id":2269,"date":"2020-01-22T18:10:37","date_gmt":"2020-01-22T18:10:37","guid":{"rendered":"https:\/\/ceconeu.com.uy\/?p=2269"},"modified":"2020-01-22T18:10:38","modified_gmt":"2020-01-22T18:10:38","slug":"2269","status":"publish","type":"post","link":"https:\/\/ceconeu.com.uy\/index.php\/2020\/01\/22\/2269\/","title":{"rendered":"Elecciones per\u00edodo 2020-2022"},"content":{"rendered":"<p>[et_pb_section fb_built=\u00bb1&#8243; _builder_version=\u00bb3.22.7&#8243; custom_padding=\u00bb3px||0px|||\u00bb][et_pb_row custom_padding=\u00bb3px||0px|||\u00bb _builder_version=\u00bb3.22.7&#8243;][et_pb_column type=\u00bb1_5&#8243; _builder_version=\u00bb3.22.7&#8243;][\/et_pb_column][et_pb_column type=\u00bb3_5&#8243; _builder_version=\u00bb3.22.7&#8243;][et_pb_text _builder_version=\u00bb3.22.7&#8243; custom_margin=\u00bb-2px|||||\u00bb custom_padding=\u00bb0px|0px||||\u00bb inline_fonts=\u00bbTrebuchet\u00bb]<\/p>\n<p><span style=\"color: #333333;\">Culminado el acto eleccionario, habiendo sido la lista presidida por el Sr. Daniel Ferrari la \u00fanica que se presentara, efectu\u00e1ndose, por parte de la comisi\u00f3n electoral, todos los pasos formales para realizaci\u00f3n de estas elecciones, se constataron las empresas socias habilitadas a votar.<\/span><\/p>\n<blockquote>\n<p><span style=\"font-size: large;\"><span style=\"color: #333333; font-family: inherit;\">La elecci\u00f3n se realiz\u00f3 el d\u00eda 3 de enero del 2020 desde las 8 hasta las 17 horas, llev\u00e1ndose a cabo por medios electr\u00f3nicos y con la posibilidad de hacerlo en forma personal en la sede del gremio.<\/span><\/span><\/p>\n<p><span style=\"font-size: large;\"><span style=\"color: #333333; font-family: inherit;\"><\/span><\/span><\/p>\n<p><span style=\"font-size: large;\"><span style=\"color: #333333; font-family: inherit;\"><\/span><\/span><\/p>\n<p><span style=\"font-size: large;\"><span style=\"color: #333333; font-family: inherit;\"><\/span><\/span><\/p>\n<p><span style=\"font-size: large;\"><span style=\"color: #333333;\"><strong><span style=\"font-family: inherit;\">Del total de socios habilitados para sufragar lo hicieron el 56 %, votando todos a la lista representada por el actual presidente el Sr. Daniel Ferrari.<\/span><\/strong><\/span><\/span><\/p>\n<\/blockquote>\n<p><span style=\"color: #333333;\">Empresas que asumir\u00e1n como titulares o suplentes en los \u00f3rganos de direcci\u00f3n y fiscalizaci\u00f3n del gremio en el periodo 2020-2022:<\/span><\/p>\n<p><span style=\"color: #333333;\">\u00a0<\/span><\/p>\n<p style=\"text-align: center;\"><span style=\"font-size: large; color: #333333;\"><strong>Comisi\u00f3n Directiva<\/strong><\/span><br \/><span style=\"font-size: large; color: #333333;\"> DEVILAR SA (ROLLING)<\/span><br \/><span style=\"font-size: large; color: #333333;\"> AZEMAR LTDA (HIPERGOM)<\/span><br \/><span style=\"font-size: large; color: #333333;\"> BELSHINA<\/span><br \/><span style=\"font-size: large; color: #333333;\"> GOMERIA JOANICO<\/span><br \/><span style=\"font-size: large; color: #333333;\"> VENOKLER SA<\/span><br \/><span style=\"font-size: large; color: #333333;\"> GANDOLFI SERVICENTRO<\/span><br \/><span style=\"font-size: large; color: #333333;\"> GOMERIA EL TREBOL<\/span><br \/><span style=\"font-size: large; color: #333333;\"> IPERCON<\/span><br \/><span style=\"font-size: large; color: #333333;\"> C&amp;A SA<\/span><br \/><span style=\"font-size: large; color: #333333;\"> NODILER SA<\/span><br \/><span style=\"font-size: large; color: #333333;\"> TALLER MICA<\/span><\/p>\n<p style=\"text-align: center;\"><span style=\"font-size: large; color: #333333;\"><\/span><\/p>\n<p style=\"text-align: center;\"><span style=\"font-size: large; color: #333333;\"><strong>Comisi\u00f3n Fiscal<\/strong><\/span><br \/><span style=\"font-size: large; color: #333333;\"> TODO INSUMOS SRL<\/span><br \/><span style=\"font-size: large; color: #333333;\"> GOMER\u00cdA MART\u00cdNEZ<\/span><br \/><span style=\"font-size: large; color: #333333;\"> NATURPLUS SA<\/span><\/p>\n<p><span style=\"color: #333333;\">\u00a0<\/span><\/p>\n<p><span style=\"color: #333333;\">Comunicamos que a la brevedad se realizar\u00e1 una reuni\u00f3n con el Consejo Directivo saliente convocando a las empresas presentadas en la lista, para que, de acuerdo a lo establecido en el cap\u00edtulo V de los Estatutos, se proclame a los candidatos triunfantes y se proceda a darles posesi\u00f3n de sus respectivos cargos para el mandato correspondiente al periodo 2020-2022.<\/span><\/p>\n<p><span style=\"color: #333333;\">Una vez establecida la n\u00f3mina de los mandantes del Consejo Directivo se anunciara la misma.<\/span><\/p>\n<p><span style=\"color: #333333; font-size: large;\">Agradecemos a todos por haber sido parte de lo que fue la elecci\u00f3n con <strong>mayor participaci\u00f3n social de los \u00faltimos 10 a\u00f1os.<\/strong><\/span><\/p>\n<p>[\/et_pb_text][\/et_pb_column][et_pb_column type=\u00bb1_5&#8243; _builder_version=\u00bb3.22.7&#8243;][\/et_pb_column][\/et_pb_row][\/et_pb_section]<\/p>\n","protected":false},"excerpt":{"rendered":"<p>Culminado el acto eleccionario, habiendo sido la lista presidida por el Sr. Daniel Ferrari la \u00fanica que se presentara, efectu\u00e1ndose, por parte de la comisi\u00f3n electoral, todos los pasos formales para realizaci\u00f3n de estas elecciones, se constataron las empresas socias habilitadas a votar. La elecci\u00f3n se realiz\u00f3 el d\u00eda 3 de enero del 2020 desde [&hellip;]<\/p>\n","protected":false},"author":1,"featured_media":2272,"comment_status":"closed","ping_status":"closed","sticky":false,"template":"","format":"standard","meta":{"_et_pb_use_builder":"on","_et_pb_old_content":"","_et_gb_content_width":"","_monsterinsights_skip_tracking":false,"_monsterinsights_sitenote_active":false,"_monsterinsights_sitenote_note":"","_monsterinsights_sitenote_category":0,"footnotes":""},"categories":[6,16],"tags":[11,55,8,47,54],"class_list":["post-2269","post","type-post","status-publish","format-standard","has-post-thumbnail","hentry","category-noticias","category-socios","tag-ceconeu","tag-gomeria","tag-gomero","tag-socios","tag-uruguay"],"_links":{"self":[{"href":"https:\/\/ceconeu.com.uy\/index.php\/wp-json\/wp\/v2\/posts\/2269"}],"collection":[{"href":"https:\/\/ceconeu.com.uy\/index.php\/wp-json\/wp\/v2\/posts"}],"about":[{"href":"https:\/\/ceconeu.com.uy\/index.php\/wp-json\/wp\/v2\/types\/post"}],"author":[{"embeddable":true,"href":"https:\/\/ceconeu.com.uy\/index.php\/wp-json\/wp\/v2\/users\/1"}],"replies":[{"embeddable":true,"href":"https:\/\/ceconeu.com.uy\/index.php\/wp-json\/wp\/v2\/comments?post=2269"}],"version-history":[{"count":3,"href":"https:\/\/ceconeu.com.uy\/index.php\/wp-json\/wp\/v2\/posts\/2269\/revisions"}],"predecessor-version":[{"id":2274,"href":"https:\/\/ceconeu.com.uy\/index.php\/wp-json\/wp\/v2\/posts\/2269\/revisions\/2274"}],"wp:featuredmedia":[{"embeddable":true,"href":"https:\/\/ceconeu.com.uy\/index.php\/wp-json\/wp\/v2\/media\/2272"}],"wp:attachment":[{"href":"https:\/\/ceconeu.com.uy\/index.php\/wp-json\/wp\/v2\/media?parent=2269"}],"wp:term":[{"taxonomy":"category","embeddable":true,"href":"https:\/\/ceconeu.com.uy\/index.php\/wp-json\/wp\/v2\/categories?post=2269"},{"taxonomy":"post_tag","embeddable":true,"href":"https:\/\/ceconeu.com.uy\/index.php\/wp-json\/wp\/v2\/tags?post=2269"}],"curies":[{"name":"wp","href":"https:\/\/api.w.org\/{rel}","templated":true}]}}