{"id":2247,"date":"2020-01-21T17:23:30","date_gmt":"2020-01-21T17:23:30","guid":{"rendered":"https:\/\/ceconeu.com.uy\/?p=2247"},"modified":"2020-01-21T19:25:59","modified_gmt":"2020-01-21T19:25:59","slug":"gomeria-en-udelar","status":"publish","type":"post","link":"https:\/\/ceconeu.com.uy\/index.php\/2020\/01\/21\/gomeria-en-udelar\/","title":{"rendered":"Gomer\u00eda en UDELAR"},"content":{"rendered":"<p>[et_pb_section fb_built=\u00bb1&#8243; _builder_version=\u00bb3.22.7&#8243; custom_padding=\u00bb3px||0px|||\u00bb][et_pb_row _builder_version=\u00bb3.22.7&#8243;][et_pb_column type=\u00bb1_5&#8243; _builder_version=\u00bb3.22.7&#8243;][\/et_pb_column][et_pb_column type=\u00bb3_5&#8243; _builder_version=\u00bb3.22.7&#8243;][et_pb_image src=\u00bbhttp:\/\/ceconeu.com.uy\/wp-content\/uploads\/2020\/01\/IMG_3081.jpg\u00bb _builder_version=\u00bb3.22.7&#8243;][\/et_pb_image][\/et_pb_column][et_pb_column type=\u00bb1_5&#8243; _builder_version=\u00bb3.22.7&#8243;][\/et_pb_column][\/et_pb_row][et_pb_row custom_padding=\u00bb3px||0px|||\u00bb _builder_version=\u00bb3.22.7&#8243;][et_pb_column type=\u00bb1_5&#8243; _builder_version=\u00bb3.22.7&#8243;][\/et_pb_column][et_pb_column type=\u00bb3_5&#8243; _builder_version=\u00bb3.22.7&#8243;][et_pb_text _builder_version=\u00bb3.22.7&#8243; custom_margin=\u00bb12px|||||\u00bb custom_padding=\u00bb|0px|0px|||\u00bb]<\/p>\n<p>Buscando la inclusi\u00f3n de los estudiantes del curso de Medio Oficial Gomero (CECONEU-INISA-INEFOP) a un contexto educativo con otras facilidades y mayor comodidad, resolvimos para las clases te\u00f3ricas realizar un cambio locativo.<\/p>\n<p>[\/et_pb_text][et_pb_text _builder_version=\u00bb3.22.7&#8243; custom_margin=\u00bb12px||-3px|||\u00bb custom_padding=\u00bb|0px|16px|||\u00bb]<\/p>\n<h2>La <strong>Universidad de la Rep\u00fablica<\/strong> \u2013 UDELAR \u2013 habilit\u00f3 para el curso de Medio Oficial Gomero un sal\u00f3n del edificio c\u00e9ntrico de Av. 18 de Julio y Gaboto donde funciona el Anexo de la Escuela Nacional de Bellas Artes \u2013 ENBA \u2013 y la Escuela Universitaria de M\u00fasica \u2013 EUM \u2013.<\/h2>\n<p>[\/et_pb_text][et_pb_text _builder_version=\u00bb3.22.7&#8243; custom_margin=\u00bb-2px|||||\u00bb custom_padding=\u00bb0px|0px||||\u00bb]<\/p>\n<p>Por la fecha en la que estamos no hay cursos funcionando ni estudiantes circulando en el edificio, pero pronto comenzar\u00e1n a compartir el espacio. <strong>Buscamos conectar a los futuros gomeros con este tipo de instituciones educativas, que vean lo que all\u00ed sucede e interact\u00faen con otros j\u00f3venes y adultos.<\/strong><\/p>\n<p>Hasta el 20 de marzo van a estar all\u00ed. Opinan que es un lugar en el que se sienten m\u00e1s c\u00f3modos porque es m\u00e1s grande, y creen que pueden surgir nuevas oportunidades y nuevos v\u00ednculos.<\/p>\n<p>[\/et_pb_text][et_pb_image src=\u00bbhttp:\/\/ceconeu.com.uy\/wp-content\/uploads\/2020\/01\/IMG_3076a.jpg\u00bb align=\u00bbcenter\u00bb _builder_version=\u00bb3.22.7&#8243;][\/et_pb_image][et_pb_image src=\u00bbhttp:\/\/ceconeu.com.uy\/wp-content\/uploads\/2020\/01\/IMG_3052.jpg\u00bb align=\u00bbcenter\u00bb _builder_version=\u00bb3.22.7&#8243;][\/et_pb_image][\/et_pb_column][et_pb_column type=\u00bb1_5&#8243; _builder_version=\u00bb3.22.7&#8243;][\/et_pb_column][\/et_pb_row][\/et_pb_section]<\/p>\n","protected":false},"excerpt":{"rendered":"<p>Buscando la inclusi\u00f3n de los estudiantes del curso de Medio Oficial Gomero (CECONEU-INISA-INEFOP) a un contexto educativo con otras facilidades y mayor comodidad, resolvimos para las clases te\u00f3ricas realizar un cambio locativo.La Universidad de la Rep\u00fablica \u2013 UDELAR \u2013 habilit\u00f3 para el curso de Medio Oficial Gomero un sal\u00f3n del edificio c\u00e9ntrico de Av. 18 [&hellip;]<\/p>\n","protected":false},"author":1,"featured_media":2250,"comment_status":"closed","ping_status":"closed","sticky":false,"template":"","format":"standard","meta":{"_et_pb_use_builder":"on","_et_pb_old_content":"","_et_gb_content_width":"","_monsterinsights_skip_tracking":false,"_monsterinsights_sitenote_active":false,"_monsterinsights_sitenote_note":"","_monsterinsights_sitenote_category":0,"footnotes":""},"categories":[4,5,6],"tags":[56,11,7,65,55,8,57,54],"class_list":["post-2247","post","type-post","status-publish","format-standard","has-post-thumbnail","hentry","category-curso","category-formacion","category-noticias","tag-alineacion","tag-ceconeu","tag-curso","tag-formacion","tag-gomeria","tag-gomero","tag-jovenes","tag-uruguay"],"_links":{"self":[{"href":"https:\/\/ceconeu.com.uy\/index.php\/wp-json\/wp\/v2\/posts\/2247"}],"collection":[{"href":"https:\/\/ceconeu.com.uy\/index.php\/wp-json\/wp\/v2\/posts"}],"about":[{"href":"https:\/\/ceconeu.com.uy\/index.php\/wp-json\/wp\/v2\/types\/post"}],"author":[{"embeddable":true,"href":"https:\/\/ceconeu.com.uy\/index.php\/wp-json\/wp\/v2\/users\/1"}],"replies":[{"embeddable":true,"href":"https:\/\/ceconeu.com.uy\/index.php\/wp-json\/wp\/v2\/comments?post=2247"}],"version-history":[{"count":8,"href":"https:\/\/ceconeu.com.uy\/index.php\/wp-json\/wp\/v2\/posts\/2247\/revisions"}],"predecessor-version":[{"id":2266,"href":"https:\/\/ceconeu.com.uy\/index.php\/wp-json\/wp\/v2\/posts\/2247\/revisions\/2266"}],"wp:featuredmedia":[{"embeddable":true,"href":"https:\/\/ceconeu.com.uy\/index.php\/wp-json\/wp\/v2\/media\/2250"}],"wp:attachment":[{"href":"https:\/\/ceconeu.com.uy\/index.php\/wp-json\/wp\/v2\/media?parent=2247"}],"wp:term":[{"taxonomy":"category","embeddable":true,"href":"https:\/\/ceconeu.com.uy\/index.php\/wp-json\/wp\/v2\/categories?post=2247"},{"taxonomy":"post_tag","embeddable":true,"href":"https:\/\/ceconeu.com.uy\/index.php\/wp-json\/wp\/v2\/tags?post=2247"}],"curies":[{"name":"wp","href":"https:\/\/api.w.org\/{rel}","templated":true}]}}