{"id":1826,"date":"2019-06-10T16:54:59","date_gmt":"2019-06-10T16:54:59","guid":{"rendered":"http:\/\/ceconeu.com.uy\/?p=1826"},"modified":"2019-06-10T16:54:59","modified_gmt":"2019-06-10T16:54:59","slug":"borrador-automatico","status":"publish","type":"post","link":"https:\/\/ceconeu.com.uy\/index.php\/2019\/06\/10\/borrador-automatico\/","title":{"rendered":"En honor a Gustavo Curbelo"},"content":{"rendered":"<p>[et_pb_section fb_built=\u00bb1&#8243; _builder_version=\u00bb3.22.7&#8243; background_color=\u00bb#161616&#8243; custom_padding=\u00bb70px||70px||true|\u00bb][et_pb_row custom_margin=\u00bb|auto|-3px|auto||\u00bb _builder_version=\u00bb3.22.7&#8243;][et_pb_column type=\u00bb1_3&#8243; _builder_version=\u00bb3.22.7&#8243;][et_pb_image src=\u00bbhttp:\/\/ceconeu.com.uy\/wp-content\/uploads\/2018\/07\/g3175.png\u00bb align=\u00bbcenter\u00bb _builder_version=\u00bb3.22.7&#8243;][\/et_pb_image][\/et_pb_column][et_pb_column type=\u00bb2_3&#8243; _builder_version=\u00bb3.22.7&#8243;][et_pb_text _builder_version=\u00bb3.22.7&#8243; text_font=\u00bb||||||||\u00bb text_text_color=\u00bb#919191&#8243;]<\/p>\n<p><span style=\"font-size: medium;\">Con profundo dolor comunicamos la p\u00e9rdida invaluable del compa\u00f1ero GUSTAVO CURBELO. Su intensa militancia en el gremio, sus convicciones y compromiso nos obligan a continuar manteniendo hoy m\u00e1s que nunca en alza este honorable oficio.<\/span><\/p>\n<p style=\"text-align: left;\"><span style=\"font-size: medium;\">Seguir\u00e1 acompa\u00f1ando nuestro andar siendo un ejemplo de vida. A la familia nuestro m\u00e1s sentido p\u00e9same. CECONEU.<\/span><\/p>\n<p style=\"text-align: left;\">Compartimos palabras de sus allegados y compa\u00f1eros:<\/p>\n<p style=\"text-align: left;\">\n<p>[\/et_pb_text][et_pb_text _builder_version=\u00bb3.22.7&#8243; background_color=\u00bb#ffffff\u00bb custom_padding=\u00bb20px|20px|20px|20px|true|true\u00bb]<\/p>\n<h5 class=\"et_pb_toggle_title et-fb-editable-element et-fb-editable-element__editing\" data-shortcode-id=\"0.0.1.2-1559937877700\" data-quickaccess-id=\"title\" data-quickaccess-order=\"1\" contenteditable=\"true\"><strong>Mart\u00edn Curbelo<\/strong><\/h5>\n<p>Entr\u00e9 a la p\u00e1gina y me emocion\u00e9 con ver en primera plana tantas buenas palabras hacia Pap\u00e1.\u00a0<br \/>Muchas gracias por todo el apoyo, tanto como el, hemos compartido con el gremio muchos buenos momentos y lo seguiremos haciendo.<br \/>Muchas gracias Compa\u00f1eros!<\/p>\n<p>[\/et_pb_text][et_pb_toggle title=\u00bbDaniel Ferrari &#8211; Presidente de CECONEU\u00bb _builder_version=\u00bb3.22.7&#8243;]<\/p>\n<p><em>Sin avisarnos y con gran asombro lleg\u00f3 el d\u00eda en que debemos a una excelente persona, un gran empresario y un noble amigo. Hemos perdido un hombre muy valioso, una gran persona, llena de valores, dadivosa, trabajador y responsable de armar una gran familia. <br \/>Ofrezco un gran abrazo a todos sus amigos y familia y muchas fuerzas, esperanza y consuelo en estos momentos tan dif\u00edciles.<\/em><\/p>\n<p>[\/et_pb_toggle][et_pb_toggle title=\u00bbLourdes Carbajal &#8211; Gerenta CECONEU\u00bb _builder_version=\u00bb3.22.7&#8243;]<\/p>\n<p><em>El \u00faltimo mensaje que tengo en mi celular de Gustavo Curbelo, es del 1 de mayo en donde me saluda por el d\u00eda de los trabajadores, ah\u00ed le respondo lo mismo sumando la palabra compa\u00f1ero referente; Porque eso era Curbelo para m\u00ed, con su \u201cmija\u201d acompa\u00f1ando las acciones que con aciertos y errores \u00edbamos llevando adelante. <br \/><\/em><em><br \/>Un hombre de referencia para la gesti\u00f3n gremial, el hacer pol\u00edtico y la vida empresarial. Un socialista en el verdadero sentido de la palabra, solidario y comprensivo, apoyando siempre a los que menos ten\u00eda, apostando a dar oportunidades continuamente.<\/p>\n<p>Con una familia maravillosa hijos e hijas que estaban siempre y que hoy reciben el legado de continuar con esa forma de vivir la vida. Un legando que le ser\u00e1 sencillo porque sin duda ha sembrado en su vida y en su entorno esa forma de hacer las cosas. <\/p>\n<p>Agradezco la posibilidad de compartir tiempos de trabajo de escuchar reflexiones y de ver crecer sus sue\u00f1os sin dejar de regar los sue\u00f1os de otros. Gracias Curbelo por su vida de compromiso inspira a continuar. <br \/>A sus hijos y su esposa un enorme abrazo.<\/em><\/p>\n<p>[\/et_pb_toggle][et_pb_toggle title=\u00bbEnrique Dalmaso 050 srl\u00bb _builder_version=\u00bb3.22.7&#8243;]<\/p>\n<p><em>Hablar de Gustavo Curbelo es hablar de la permanencia de CECONEU, diciendo presente en los momentos dif\u00edciles y la mano solidaria extendida siempre\u2026 Hablar de Gustavo Curbelo es hablar de familia, siempre rodeado de su esposa e hijos. Un verdadero ejemplo de amigo y un SE\u00d1OR con may\u00fascula.<\/em><\/p>\n<p>[\/et_pb_toggle][et_pb_toggle title=\u00bbJulio La Roca &#8211; Pantana Alineaciones\u00bb _builder_version=\u00bb3.22.7&#8243;]<\/p>\n<p><em>Se nos fue un gran amigo, un gran referente del gremio, un gran emprendedor, un gran trabajador, pero sobre todo una gran persona. A su familia y amigos mi m\u00e1s sentido p\u00e9same.<\/em><\/p>\n<p>[\/et_pb_toggle][et_pb_toggle title=\u00bbWalter y Julio Tourn\u00e9\u00bb _builder_version=\u00bb3.22.7&#8243;]<\/p>\n<p><em>Una lamentable p\u00e9rdida. A Walter y a m\u00ed nos quedar\u00e1 por siempre el precioso recuerdo de haber compartido encuentros, tanto en CECONEU como en otros eventos, con \u00e8l y toda su familia que siempre lo acompa\u00f1aba. Para ellos y para cada uno de los integrantes de este gremio un apretado abrazo.<\/em><\/p>\n<p>[\/et_pb_toggle][et_pb_toggle title=\u00bbNaturplus S.A.\u00bb _builder_version=\u00bb3.22.7&#8243;]<\/p>\n<p><em>Querido Don CURBELO le vamos a echar de menos, sabremos siempre escuchar su voz inconfundible, apreciar en la memoria su mirada sincera, las palabras adecuadas y el justo comentario. Gracias por todo su respaldo, por su confianza. Dif\u00edcil ser\u00e1 olvidarse de un hombre como usted que ha acompa\u00f1ado empecinadamente el bien de todos los que trabajan en el oficio. Seguramente en sus hijos continuar\u00e1 su legado de buena persona y gran empresario. <br \/>A ellos y a su esposa un fuerte sentido p\u00e9same y un gran abrazo.<\/em><\/p>\n<p>[\/et_pb_toggle][et_pb_toggle title=\u00bbCOODETMA\u00bb _builder_version=\u00bb3.22.7&#8243;]<\/p>\n<p><em>No tuvimos el gusto de conocerlo, pero la p\u00e9rdida de una persona siempre es sentida. Desde ya un saludo a sus allegados que tendr\u00e1n que afrontar esta p\u00e9rdida y seguir adelante. Sin m\u00e1s saluda atentamente Coodetma.<\/em><\/p>\n<p>[\/et_pb_toggle][\/et_pb_column][\/et_pb_row][\/et_pb_section]<\/p>\n","protected":false},"excerpt":{"rendered":"<p>Con profundo dolor comunicamos la p\u00e9rdida invaluable del compa\u00f1ero GUSTAVO CURBELO. Su intensa militancia en el gremio, sus convicciones y compromiso nos obligan a continuar manteniendo hoy m\u00e1s que nunca en alza este honorable oficio. Seguir\u00e1 acompa\u00f1ando nuestro andar siendo un ejemplo de vida. A la familia nuestro m\u00e1s sentido p\u00e9same. CECONEU. Compartimos palabras de [&hellip;]<\/p>\n","protected":false},"author":2,"featured_media":0,"comment_status":"closed","ping_status":"closed","sticky":false,"template":"","format":"standard","meta":{"_et_pb_use_builder":"on","_et_pb_old_content":"","_et_gb_content_width":"","_monsterinsights_skip_tracking":false,"_monsterinsights_sitenote_active":false,"_monsterinsights_sitenote_note":"","_monsterinsights_sitenote_category":0,"footnotes":""},"categories":[6,16],"tags":[],"class_list":["post-1826","post","type-post","status-publish","format-standard","hentry","category-noticias","category-socios"],"_links":{"self":[{"href":"https:\/\/ceconeu.com.uy\/index.php\/wp-json\/wp\/v2\/posts\/1826"}],"collection":[{"href":"https:\/\/ceconeu.com.uy\/index.php\/wp-json\/wp\/v2\/posts"}],"about":[{"href":"https:\/\/ceconeu.com.uy\/index.php\/wp-json\/wp\/v2\/types\/post"}],"author":[{"embeddable":true,"href":"https:\/\/ceconeu.com.uy\/index.php\/wp-json\/wp\/v2\/users\/2"}],"replies":[{"embeddable":true,"href":"https:\/\/ceconeu.com.uy\/index.php\/wp-json\/wp\/v2\/comments?post=1826"}],"version-history":[{"count":3,"href":"https:\/\/ceconeu.com.uy\/index.php\/wp-json\/wp\/v2\/posts\/1826\/revisions"}],"predecessor-version":[{"id":1833,"href":"https:\/\/ceconeu.com.uy\/index.php\/wp-json\/wp\/v2\/posts\/1826\/revisions\/1833"}],"wp:attachment":[{"href":"https:\/\/ceconeu.com.uy\/index.php\/wp-json\/wp\/v2\/media?parent=1826"}],"wp:term":[{"taxonomy":"category","embeddable":true,"href":"https:\/\/ceconeu.com.uy\/index.php\/wp-json\/wp\/v2\/categories?post=1826"},{"taxonomy":"post_tag","embeddable":true,"href":"https:\/\/ceconeu.com.uy\/index.php\/wp-json\/wp\/v2\/tags?post=1826"}],"curies":[{"name":"wp","href":"https:\/\/api.w.org\/{rel}","templated":true}]}}