{"id":1773,"date":"2019-06-03T20:10:27","date_gmt":"2019-06-03T20:10:27","guid":{"rendered":"http:\/\/ceconeu.com.uy\/?p=1773"},"modified":"2019-06-03T20:10:27","modified_gmt":"2019-06-03T20:10:27","slug":"foro-de-reciclaje-de-neumaticos","status":"publish","type":"post","link":"https:\/\/ceconeu.com.uy\/index.php\/2019\/06\/03\/foro-de-reciclaje-de-neumaticos\/","title":{"rendered":"Foro de Reciclaje de Neum\u00e1ticos"},"content":{"rendered":"<p>[et_pb_section fb_built=\u00bb1&#8243; _builder_version=\u00bb3.22.7&#8243; custom_padding=\u00bb3px||0px|||\u00bb][et_pb_row custom_padding=\u00bb||0px|||\u00bb _builder_version=\u00bb3.22.7&#8243;][et_pb_column type=\u00bb4_4&#8243; _builder_version=\u00bb3.22.7&#8243;][et_pb_text _builder_version=\u00bb3.22.7&#8243;]<\/p>\n<p>El viernes 31 de Mayo, participamos junto a otras empresas, parlamentarios y organizaciones del Foro de Reciclaje de Neum\u00e1ticos organizado por la comisi\u00f3n de Desarrollo Regional Sustentable, Ordenamiento Territorial, Vivienda, Salud, Medio Ambiente y Turismo del <a href=\"https:\/\/www.facebook.com\/Parlamento.del.Mercosur\/\">Parlamento del MERCOSUR.<\/a><\/p>\n<p><span style=\"font-size: large;\">El evento tuvo como objetivo principal<strong> intercambiar experiencias y lograr una s\u00edntesis que pueda ser objeto de un eventual proyecto de normativa regional que fortalezca la integraci\u00f3n entre los pa\u00edses del bloque.<\/strong><\/span><\/p>\n<p><a href=\"https:\/\/www.facebook.com\/Centro-de-Comerciantes-de-Neumaticos-del-Uruguay-Ceconeu-162458771196415\/\">CEONEU<\/a> &#8211; <a href=\"http:\/\/geneu.com.uy\">GENEU<\/a>, <a href=\"https:\/\/www.facebook.com\/Ecotires.Brasil\/\">Ecotires<\/a>, <a href=\"https:\/\/www.facebook.com\/Abidip-293246114086096\/\">Abidip<\/a>, <a href=\"https:\/\/www.facebook.com\/compromisoempresarialparaelreciclaje\/\">Cempre<\/a> y Reciclo NFU dieron a conocer su recorrido para lograr la gesti\u00f3n de los NCFU, la forma de revalorizaci\u00f3n y los desaf\u00edos que actualmente se les presentan.<\/p>\n<p><span style=\"font-weight: 400;\"> <\/span><\/p>\n<p>[\/et_pb_text][\/et_pb_column][\/et_pb_row][et_pb_row _builder_version=\u00bb3.22.7&#8243;][et_pb_column type=\u00bb4_4&#8243; _builder_version=\u00bb3.22.7&#8243;][et_pb_image src=\u00bbhttp:\/\/ceconeu.com.uy\/wp-content\/uploads\/2019\/06\/WhatsApp-Image-2019-06-03-at-16.27.37.jpeg\u00bb _builder_version=\u00bb3.22.7&#8243;][\/et_pb_image][\/et_pb_column][\/et_pb_row][et_pb_row _builder_version=\u00bb3.22.7&#8243;][et_pb_column type=\u00bb4_4&#8243; _builder_version=\u00bb3.22.7&#8243;][et_pb_text _builder_version=\u00bb3.22.7&#8243;]<\/p>\n<p><span style=\"font-size: large;\">En general, todos los planes, empresas y organizaciones vinculadas al reciclaje o revalorizaci\u00f3n de los residuos<strong> resuelven problemas ambientales y sanitarios, favoreciendo la econom\u00eda del pa\u00eds.<\/strong> Es as\u00ed que se cuestionan la<strong> falta de apoyo por parte del estado<\/strong> para su desarrollo y se proponen la concientizaci\u00f3n y creaci\u00f3n de un escenario que las favorezca.<\/span><\/p>\n<p>En Uruguay, la gesti\u00f3n de los NCFU elimin\u00f3 el c\u00famulo de los mismos en lugares como bald\u00edos, r\u00edos, playas, basurales y cunetas (principalmente ubicados en barrios marginales). Esto afectaba tanto al medio ambiente como a la salud de las personas, ya que se generaban entornos ideales para ratas y mosquitos que propician enfermedades epidemiol\u00f3gicas. Eran un residuo sin destino final, que tambi\u00e9n se acumulaba en las mismas gomer\u00edas, generando problemas laborales y riesgos de incendio.<\/p>\n<p><span style=\"font-weight: 400;\"> <\/span><\/p>\n<p>[\/et_pb_text][\/et_pb_column][\/et_pb_row][et_pb_row _builder_version=\u00bb3.22.7&#8243; min_height=\u00bb314px\u00bb][et_pb_column type=\u00bb2_5&#8243; _builder_version=\u00bb3.22.7&#8243;][et_pb_image src=\u00bbhttp:\/\/ceconeu.com.uy\/wp-content\/uploads\/2018\/10\/rect15734.png\u00bb url_new_window=\u00bbon\u00bb _builder_version=\u00bb3.22.7&#8243; custom_margin=\u00bb||-17px|0px||\u00bb url=\u00bbgeneu.com.uy\u00bb][\/et_pb_image][\/et_pb_column][et_pb_column type=\u00bb3_5&#8243; _builder_version=\u00bb3.22.7&#8243;][et_pb_text _builder_version=\u00bb3.22.7&#8243; custom_margin=\u00bb-8px|||||\u00bb custom_padding=\u00bb0px|||||\u00bb]<\/p>\n<p>Desde CECONEU, como gremial representante de los comerciantes de neum\u00e1ticos, asumimos nuestra responsabilidad frente a la problem\u00e1tica ambiental y sanitaria generada y decidimos crear una soluci\u00f3n: el plan de gesti\u00f3n GENEU.<span style=\"font-size: 14px;\"><\/span><\/p>\n<p><span style=\"font-size: 14px;\"><\/span><\/p>\n<p><span style=\"font-size: 14px;\">En el 2016, luego de un largo recorrido de investigaci\u00f3n y pruebas, fue aprobado el Plan Maestro de Gesti\u00f3n de Neum\u00e1ticos y C\u00e1maras fuera de Uso GENEU por la Direcci\u00f3n Nacional de Medio Ambiente (DINAMA).<\/span><\/p>\n<p>GENEU: Un plan 100% Uruguayo y de alcance nacional, basado en la recolecci\u00f3n, clasificaci\u00f3n, acopio y revalorizaci\u00f3n de los NCFU mediante procesos ambientalmente apropiados.<\/p>\n<p><span style=\"font-weight: 400;\"> <\/span><\/p>\n<p>[\/et_pb_text][\/et_pb_column][\/et_pb_row][et_pb_row _builder_version=\u00bb3.22.7&#8243;][et_pb_column type=\u00bb4_4&#8243; _builder_version=\u00bb3.22.7&#8243;][et_pb_button url_new_window=\u00bbon\u00bb button_text=\u00bbClick aqu\u00ed para ver video completo del Foro\u00bb _builder_version=\u00bb3.22.7&#8243; button_url=\u00bbVideo: https:\/\/www.facebook.com\/Parlamento.del.Mercosur\/videos\/1005123443024124\/ \u00bb button_alignment=\u00bbright\u00bb][\/et_pb_button][\/et_pb_column][\/et_pb_row][et_pb_row custom_padding=\u00bb64px||0px|||\u00bb _builder_version=\u00bb3.22.7&#8243; min_height=\u00bb964px\u00bb][et_pb_column type=\u00bb4_4&#8243; _builder_version=\u00bb3.22.7&#8243;][et_pb_image src=\u00bbhttp:\/\/ceconeu.com.uy\/wp-content\/uploads\/2019\/06\/61710897_10157467871134664_6908142183342145536_n.jpg\u00bb align=\u00bbcenter\u00bb _builder_version=\u00bb3.22.7&#8243; min_height=\u00bb822px\u00bb][\/et_pb_image][\/et_pb_column][\/et_pb_row][\/et_pb_section]<\/p>\n","protected":false},"excerpt":{"rendered":"<p>El viernes 31 de Mayo, participamos junto a otras empresas, parlamentarios y organizaciones del Foro de Reciclaje de Neum\u00e1ticos organizado por la comisi\u00f3n de Desarrollo Regional Sustentable, Ordenamiento Territorial, Vivienda, Salud, Medio Ambiente y Turismo del Parlamento del MERCOSUR. El evento tuvo como objetivo principal intercambiar experiencias y lograr una s\u00edntesis que pueda ser objeto [&hellip;]<\/p>\n","protected":false},"author":2,"featured_media":1776,"comment_status":"closed","ping_status":"closed","sticky":false,"template":"","format":"standard","meta":{"_et_pb_use_builder":"on","_et_pb_old_content":"","_et_gb_content_width":"","_monsterinsights_skip_tracking":false,"_monsterinsights_sitenote_active":false,"_monsterinsights_sitenote_note":"","_monsterinsights_sitenote_category":0,"footnotes":""},"categories":[6,50,16],"tags":[11,33,52,22,31,54],"class_list":["post-1773","post","type-post","status-publish","format-standard","has-post-thumbnail","hentry","category-noticias","category-reciclaje","category-socios","tag-ceconeu","tag-geneu","tag-gestion-de-residuos","tag-reciclaje","tag-revalorizacion","tag-uruguay"],"_links":{"self":[{"href":"https:\/\/ceconeu.com.uy\/index.php\/wp-json\/wp\/v2\/posts\/1773"}],"collection":[{"href":"https:\/\/ceconeu.com.uy\/index.php\/wp-json\/wp\/v2\/posts"}],"about":[{"href":"https:\/\/ceconeu.com.uy\/index.php\/wp-json\/wp\/v2\/types\/post"}],"author":[{"embeddable":true,"href":"https:\/\/ceconeu.com.uy\/index.php\/wp-json\/wp\/v2\/users\/2"}],"replies":[{"embeddable":true,"href":"https:\/\/ceconeu.com.uy\/index.php\/wp-json\/wp\/v2\/comments?post=1773"}],"version-history":[{"count":4,"href":"https:\/\/ceconeu.com.uy\/index.php\/wp-json\/wp\/v2\/posts\/1773\/revisions"}],"predecessor-version":[{"id":1781,"href":"https:\/\/ceconeu.com.uy\/index.php\/wp-json\/wp\/v2\/posts\/1773\/revisions\/1781"}],"wp:featuredmedia":[{"embeddable":true,"href":"https:\/\/ceconeu.com.uy\/index.php\/wp-json\/wp\/v2\/media\/1776"}],"wp:attachment":[{"href":"https:\/\/ceconeu.com.uy\/index.php\/wp-json\/wp\/v2\/media?parent=1773"}],"wp:term":[{"taxonomy":"category","embeddable":true,"href":"https:\/\/ceconeu.com.uy\/index.php\/wp-json\/wp\/v2\/categories?post=1773"},{"taxonomy":"post_tag","embeddable":true,"href":"https:\/\/ceconeu.com.uy\/index.php\/wp-json\/wp\/v2\/tags?post=1773"}],"curies":[{"name":"wp","href":"https:\/\/api.w.org\/{rel}","templated":true}]}}