{"id":1629,"date":"2019-05-07T18:57:36","date_gmt":"2019-05-07T18:57:36","guid":{"rendered":"http:\/\/ceconeu.com.uy\/?p=1629"},"modified":"2019-06-03T20:15:31","modified_gmt":"2019-06-03T20:15:31","slug":"ceconeu-inisa-firma-de-convenio","status":"publish","type":"post","link":"https:\/\/ceconeu.com.uy\/index.php\/2019\/05\/07\/ceconeu-inisa-firma-de-convenio\/","title":{"rendered":"CECONEU &#8211; INISA firma de convenio"},"content":{"rendered":"\n[et_pb_section fb_built=\u00bb1&#8243; _builder_version=\u00bb3.22.7&#8243; custom_padding=\u00bb3px||0px|||\u00bb][et_pb_row _builder_version=\u00bb3.22.7&#8243; custom_padding=\u00bb||0px|||\u00bb][et_pb_column type=\u00bb4_4&#8243; _builder_version=\u00bb3.22.7&#8243;][et_pb_text _builder_version=\u00bb3.22.7&#8243;]<p>El pasado Viernes 3 de mayo firmamos un convenio con INISA (Instituto de Inclusi\u00f3n Social Adolescente) en el cual acordamos <strong>cooperar para la capacitaci\u00f3n e integraci\u00f3n sociolaboral de los adolescentes.<\/strong> Autoridades del MTSS, BPS, MIDES, INISA, CECONEU y ANMYPE presenciaron el acto donde se dieron a conocer las experiencias previas del gremio formando j\u00f3venes en Gomero y Balanceador.<span style=\"font-size: 14px;\">\u00a0<\/span><\/p>\n<p><span style=\"font-size: 14px;\"><span>Como algunos ya saben, durante el 2018 realizamos un curso de un total de 450 horas de formaci\u00f3n en Oficial Gomero y Balanceador para adolescentes de INISA. La propuesta educativa incluy\u00f3 clases pr\u00e1cticas y te\u00f3ricas, visitas a reconocidas empresas y pasant\u00edas laborales, en las cuales tambi\u00e9n se atend\u00eda la integraci\u00f3n grupal, la presencia, el relacionamiento y la cultura de trabajo.<\/span><span>\u00a0<\/span><\/span><\/p>\n<p><span style=\"font-weight: 400;\"> <\/span><\/p>[\/et_pb_text][\/et_pb_column][\/et_pb_row][et_pb_row min_height=\u00bb601px\u00bb _builder_version=\u00bb3.22.7&#8243; custom_margin=\u00bb|auto|-33px|auto||\u00bb][et_pb_column type=\u00bb4_4&#8243; _builder_version=\u00bb3.22.7&#8243;][et_pb_gallery fullwidth=\u00bbon\u00bb width=\u00bb100%\u00bb _builder_version=\u00bb3.22.7&#8243; gallery_ids=\u00bb898,910,912,905,906,919&#8243;][\/et_pb_gallery][et_pb_text min_height=\u00bb84px\u00bb _builder_version=\u00bb3.22.7&#8243; custom_margin=\u00bb||-14px|||\u00bb]<p><span style=\"font-size: 14px;\">La propuesta generada, junto al entusiasmo de los j\u00f3venes y la disponibilidad de los socios del gremio culminaron en resultados muy positivos. Entre ellos, obtuvimos un 72% de egresos, una inserci\u00f3n laboral del 45% y significativos cambios de actitud relacionados a la motivaci\u00f3n, presencia, compa\u00f1erismo y formas de comunicarse y relacionarse.<\/span><\/p>\n<p><span><\/span><\/p>\n<p><span style=\"font-weight: 400;\"> <\/span><\/p>[\/et_pb_text][\/et_pb_column][\/et_pb_row][et_pb_row min_height=\u00bb314px\u00bb _builder_version=\u00bb3.22.7&#8243;][et_pb_column type=\u00bb3_5&#8243; _builder_version=\u00bb3.22.7&#8243;][et_pb_image src=\u00bbhttp:\/\/ceconeu.com.uy\/wp-content\/uploads\/2019\/05\/WhatsApp-Image-2019-05-06-at-14.18.01.jpeg\u00bb _builder_version=\u00bb3.22.7&#8243; custom_margin=\u00bb||-17px|0px||\u00bb][\/et_pb_image][\/et_pb_column][et_pb_column type=\u00bb2_5&#8243; _builder_version=\u00bb3.22.7&#8243;][et_pb_text min_height=\u00bb238px\u00bb _builder_version=\u00bb3.22.7&#8243; custom_margin=\u00bb10px|||||\u00bb custom_padding=\u00bb||0px|||\u00bb]<p><span style=\"font-size: large;\">Gabriela Fulco, directora de INISA, conociendo los resultados present\u00f3 al curso de gomero como una <\/span><strong style=\"font-size: large;\">opci\u00f3n de futuro importante que atrae a los j\u00f3venes<\/strong><span style=\"font-size: large;\"> y propuso seguir en este <\/span><strong style=\"font-size: large;\">camino de transformaci\u00f3n y oportunidades.\u00a0<\/strong><\/p>\n<p>&nbsp;<\/p>\n<p><span style=\"font-weight: 400;\"> <\/span><\/p>[\/et_pb_text][\/et_pb_column][\/et_pb_row][et_pb_row _builder_version=\u00bb3.22.7&#8243; custom_padding=\u00bb0px|||||\u00bb][et_pb_column type=\u00bb4_4&#8243; _builder_version=\u00bb3.22.7&#8243;][et_pb_text _builder_version=\u00bb3.22.7&#8243; custom_padding=\u00bb0px|||||\u00bb custom_margin=\u00bb-8px|||||\u00bb]<p><span style=\"font-size: 14px;\">Todo esto nos motiva a seguir formando j\u00f3venes, y para lograrlo nos comprometemos a cooperar de forma interinstitucional para favorecer la continuidad y calidad de los cursos.<\/span><\/p>\n<p><span style=\"font-weight: 400;\"> <\/span><\/p>[\/et_pb_text][\/et_pb_column][\/et_pb_row][et_pb_row _builder_version=\u00bb3.22.7&#8243; custom_padding=\u00bb156px||0px|||\u00bb][et_pb_column type=\u00bb4_4&#8243; _builder_version=\u00bb3.22.7&#8243;][et_pb_image align=\u00bbcenter\u00bb min_height=\u00bb822px\u00bb src=\u00bbhttp:\/\/ceconeu.com.uy\/wp-content\/uploads\/2019\/05\/NOTICIA-MAIL-INISA.jpg\u00bb _builder_version=\u00bb3.22.7&#8243;][\/et_pb_image][\/et_pb_column][\/et_pb_row][\/et_pb_section]\n","protected":false},"excerpt":{"rendered":"<p>El pasado Viernes 3 de mayo firmamos un convenio con INISA (Instituto de Inclusi\u00f3n Social Adolescente) en el cual acordamos cooperar para la capacitaci\u00f3n e integraci\u00f3n sociolaboral de los adolescentes. Autoridades del MTSS, BPS, MIDES, INISA, CECONEU y ANMYPE presenciaron el acto donde se dieron a conocer las experiencias previas del gremio formando j\u00f3venes en [&hellip;]<\/p>\n","protected":false},"author":2,"featured_media":1634,"comment_status":"closed","ping_status":"closed","sticky":false,"template":"","format":"standard","meta":{"_et_pb_use_builder":"on","_et_pb_old_content":"","_et_gb_content_width":"","_monsterinsights_skip_tracking":false,"_monsterinsights_sitenote_active":false,"_monsterinsights_sitenote_note":"","_monsterinsights_sitenote_category":0,"footnotes":""},"categories":[4,5,6,16],"tags":[11,55,57,54],"class_list":["post-1629","post","type-post","status-publish","format-standard","has-post-thumbnail","hentry","category-curso","category-formacion","category-noticias","category-socios","tag-ceconeu","tag-gomeria","tag-jovenes","tag-uruguay"],"_links":{"self":[{"href":"https:\/\/ceconeu.com.uy\/index.php\/wp-json\/wp\/v2\/posts\/1629"}],"collection":[{"href":"https:\/\/ceconeu.com.uy\/index.php\/wp-json\/wp\/v2\/posts"}],"about":[{"href":"https:\/\/ceconeu.com.uy\/index.php\/wp-json\/wp\/v2\/types\/post"}],"author":[{"embeddable":true,"href":"https:\/\/ceconeu.com.uy\/index.php\/wp-json\/wp\/v2\/users\/2"}],"replies":[{"embeddable":true,"href":"https:\/\/ceconeu.com.uy\/index.php\/wp-json\/wp\/v2\/comments?post=1629"}],"version-history":[{"count":5,"href":"https:\/\/ceconeu.com.uy\/index.php\/wp-json\/wp\/v2\/posts\/1629\/revisions"}],"predecessor-version":[{"id":1639,"href":"https:\/\/ceconeu.com.uy\/index.php\/wp-json\/wp\/v2\/posts\/1629\/revisions\/1639"}],"wp:featuredmedia":[{"embeddable":true,"href":"https:\/\/ceconeu.com.uy\/index.php\/wp-json\/wp\/v2\/media\/1634"}],"wp:attachment":[{"href":"https:\/\/ceconeu.com.uy\/index.php\/wp-json\/wp\/v2\/media?parent=1629"}],"wp:term":[{"taxonomy":"category","embeddable":true,"href":"https:\/\/ceconeu.com.uy\/index.php\/wp-json\/wp\/v2\/categories?post=1629"},{"taxonomy":"post_tag","embeddable":true,"href":"https:\/\/ceconeu.com.uy\/index.php\/wp-json\/wp\/v2\/tags?post=1629"}],"curies":[{"name":"wp","href":"https:\/\/api.w.org\/{rel}","templated":true}]}}