{"id":1378,"date":"2018-12-14T16:56:46","date_gmt":"2018-12-14T16:56:46","guid":{"rendered":"http:\/\/ceconeu.com.uy\/?p=1378"},"modified":"2018-12-14T17:01:42","modified_gmt":"2018-12-14T17:01:42","slug":"congreso-el-100-de-los-ncfu-que-ingresan-al-plan-son-revalorizados","status":"publish","type":"post","link":"https:\/\/ceconeu.com.uy\/index.php\/2018\/12\/14\/congreso-el-100-de-los-ncfu-que-ingresan-al-plan-son-revalorizados\/","title":{"rendered":"Congreso: El 100% de los NCFU que ingresan al plan son revalorizados"},"content":{"rendered":"<div id=\"pl-1378\"  class=\"panel-layout\" >\n<div id=\"pg-1378-0\"  class=\"panel-grid panel-has-style\"  data-style=\"{&quot;padding&quot;:&quot;0px 40px 0px 0px&quot;,&quot;background_image_attachment&quot;:false,&quot;background_display&quot;:&quot;tile&quot;,&quot;cell_alignment&quot;:&quot;flex-start&quot;}\"  data-ratio=\"1\"  data-ratio-direction=\"right\" >\n<div class=\"panel-row-style panel-row-style-for-1378-0\" >\n<div id=\"pgc-1378-0-0\"  class=\"panel-grid-cell\"  data-weight=\"1\" >\n<div id=\"panel-1378-0-0-0\" class=\"so-panel widget widget_sow-image panel-first-child\" data-index=\"0\" data-style=\"{&quot;background_image_attachment&quot;:false,&quot;background_display&quot;:&quot;tile&quot;}\" ><div\n\t\t\t\n\t\t\tclass=\"so-widget-sow-image so-widget-sow-image-default-8b5b6f678277\"\n\t\t\t\n\t\t>\n<div class=\"sow-image-container\">\n\t\t<img \n\tsrc=\"https:\/\/ceconeu.com.uy\/wp-content\/uploads\/2018\/12\/Congreso.png\" width=\"792\" height=\"526\" srcset=\"https:\/\/ceconeu.com.uy\/wp-content\/uploads\/2018\/12\/Congreso.png 792w, https:\/\/ceconeu.com.uy\/wp-content\/uploads\/2018\/12\/Congreso-300x199.png 300w, https:\/\/ceconeu.com.uy\/wp-content\/uploads\/2018\/12\/Congreso-768x510.png 768w, https:\/\/ceconeu.com.uy\/wp-content\/uploads\/2018\/12\/Congreso-272x182.png 272w\" sizes=\"(max-width: 792px) 100vw, 792px\" alt=\"\" \t\tclass=\"so-widget-image\"\/>\n\t<\/div>\n\n<\/div><\/div>\n<div id=\"panel-1378-0-0-1\" class=\"so-panel widget widget_sow-editor panel-last-child\" data-index=\"1\" data-style=\"{&quot;background_image_attachment&quot;:false,&quot;background_display&quot;:&quot;tile&quot;}\" >\n<div class=\"so-widget-sow-editor so-widget-sow-editor-base\">\n<div class=\"siteorigin-widget-tinymce textwidget\">\n<p>Participamos del 1er Congreso Nacional de Gesti\u00f3n Sostenible de Residuos organizado por AIDIS (Asociaci\u00f3n Interamericana de Ingenier\u00eda Sanitaria) y AIQU (Asociaci\u00f3n de Ingenieros Qu\u00edmicos del Uruguay) llevado a cabo el 28 y 29 de noviembre en la C\u00e1mara Mercantil de Productos del Pa\u00eds.<\/p>\n<p><em>\u201cEl objetivo de \u00e9ste es promover la difusi\u00f3n del conocimiento en materia de gesti\u00f3n de residuos desde la perspectiva m\u00e1s actualizada que es, precisamente, aquella que act\u00faa en el mayor nivel de prevenci\u00f3n ambiental.\u201d<\/em><\/p>\n<p>GENEU (Gesti\u00f3n de Neum\u00e1ticos Usados) el plan de CECONEU, fue invitado para presentar el desarrollo de su modelo de reciclaje y transformaci\u00f3n de NCFU. Las cifras expuestas fueron:<\/p>\n<p>Del total de kilos importados de neum\u00e1ticos el plan <strong>GENEU es responsable del 17%.<\/strong><\/p>\n<p><strong>El 100% de los NCFU que ingresan a GENEU son reciclados y transformados<\/strong>, ya sea tanto de forma industrial, como artesanal o como material de construcci\u00f3n. No se desperdicia nada, nos hacemos responsables sin importar sus condiciones o tipo de neum\u00e1tico.<\/p>\n<p>Los importadores adheridos a <strong>GENEU son el 60% del total<\/strong>.<\/p>\n<\/div>\n<\/div>\n<\/div>\n<\/div>\n<\/div>\n<\/div>\n<div id=\"pg-1378-1\"  class=\"panel-grid panel-has-style\"  data-style=\"{&quot;padding&quot;:&quot;0px 40px 0px 0px&quot;,&quot;background_image_attachment&quot;:false,&quot;background_display&quot;:&quot;tile&quot;,&quot;cell_alignment&quot;:&quot;flex-start&quot;}\"  data-ratio=\"1\"  data-ratio-direction=\"right\" >\n<div class=\"panel-row-style panel-row-style-for-1378-1\" >\n<div id=\"pgc-1378-1-0\"  class=\"panel-grid-cell\"  data-weight=\"1\" >\n<div id=\"panel-1378-1-0-0\" class=\"so-panel widget widget_sow-image panel-first-child panel-last-child\" data-index=\"2\" data-style=\"{&quot;background_image_attachment&quot;:false,&quot;background_display&quot;:&quot;tile&quot;}\" ><div\n\t\t\t\n\t\t\tclass=\"so-widget-sow-image so-widget-sow-image-default-dbf295114b96\"\n\t\t\t\n\t\t>\n<div class=\"sow-image-container\">\n\t\t<img \n\tsrc=\"https:\/\/ceconeu.com.uy\/wp-content\/uploads\/2018\/12\/Congreso-1.jpeg\" width=\"1600\" height=\"1200\" srcset=\"https:\/\/ceconeu.com.uy\/wp-content\/uploads\/2018\/12\/Congreso-1.jpeg 1600w, https:\/\/ceconeu.com.uy\/wp-content\/uploads\/2018\/12\/Congreso-1-300x225.jpeg 300w, https:\/\/ceconeu.com.uy\/wp-content\/uploads\/2018\/12\/Congreso-1-768x576.jpeg 768w, https:\/\/ceconeu.com.uy\/wp-content\/uploads\/2018\/12\/Congreso-1-1024x768.jpeg 1024w, https:\/\/ceconeu.com.uy\/wp-content\/uploads\/2018\/12\/Congreso-1-285x214.jpeg 285w\" sizes=\"(max-width: 1600px) 100vw, 1600px\" title=\"Congreso 1\" alt=\"\" \t\tclass=\"so-widget-image\"\/>\n\t<\/div>\n\n<\/div><\/div>\n<\/div>\n<\/div>\n<\/div>\n<\/div>\n","protected":false},"excerpt":{"rendered":"<p>Participamos del 1er Congreso Nacional de Gesti\u00f3n Sostenible de Residuos organizado por AIDIS (Asociaci\u00f3n Interamericana de Ingenier\u00eda Sanitaria) y AIQU (Asociaci\u00f3n de Ingenieros Qu\u00edmicos del Uruguay) llevado a cabo el 28 y 29 de noviembre en la C\u00e1mara Mercantil de Productos del Pa\u00eds. \u201cEl objetivo de \u00e9ste es promover la difusi\u00f3n del conocimiento en materia [&hellip;]<\/p>\n","protected":false},"author":2,"featured_media":1379,"comment_status":"closed","ping_status":"closed","sticky":false,"template":"","format":"standard","meta":{"_et_pb_use_builder":"","_et_pb_old_content":"","_et_gb_content_width":"","_monsterinsights_skip_tracking":false,"_monsterinsights_sitenote_active":false,"_monsterinsights_sitenote_note":"","_monsterinsights_sitenote_category":0,"footnotes":""},"categories":[6],"tags":[11,33,32,30,31],"class_list":["post-1378","post","type-post","status-publish","format-standard","has-post-thumbnail","hentry","category-noticias","tag-ceconeu","tag-geneu","tag-plan-de-gestion","tag-residuos","tag-revalorizacion"],"_links":{"self":[{"href":"https:\/\/ceconeu.com.uy\/index.php\/wp-json\/wp\/v2\/posts\/1378"}],"collection":[{"href":"https:\/\/ceconeu.com.uy\/index.php\/wp-json\/wp\/v2\/posts"}],"about":[{"href":"https:\/\/ceconeu.com.uy\/index.php\/wp-json\/wp\/v2\/types\/post"}],"author":[{"embeddable":true,"href":"https:\/\/ceconeu.com.uy\/index.php\/wp-json\/wp\/v2\/users\/2"}],"replies":[{"embeddable":true,"href":"https:\/\/ceconeu.com.uy\/index.php\/wp-json\/wp\/v2\/comments?post=1378"}],"version-history":[{"count":16,"href":"https:\/\/ceconeu.com.uy\/index.php\/wp-json\/wp\/v2\/posts\/1378\/revisions"}],"predecessor-version":[{"id":1397,"href":"https:\/\/ceconeu.com.uy\/index.php\/wp-json\/wp\/v2\/posts\/1378\/revisions\/1397"}],"wp:featuredmedia":[{"embeddable":true,"href":"https:\/\/ceconeu.com.uy\/index.php\/wp-json\/wp\/v2\/media\/1379"}],"wp:attachment":[{"href":"https:\/\/ceconeu.com.uy\/index.php\/wp-json\/wp\/v2\/media?parent=1378"}],"wp:term":[{"taxonomy":"category","embeddable":true,"href":"https:\/\/ceconeu.com.uy\/index.php\/wp-json\/wp\/v2\/categories?post=1378"},{"taxonomy":"post_tag","embeddable":true,"href":"https:\/\/ceconeu.com.uy\/index.php\/wp-json\/wp\/v2\/tags?post=1378"}],"curies":[{"name":"wp","href":"https:\/\/api.w.org\/{rel}","templated":true}]}}